{"id":1232,"date":"2024-06-15T11:01:23","date_gmt":"2024-06-15T09:01:23","guid":{"rendered":"https:\/\/leviroismasque.com\/?p=1232"},"modified":"2026-03-15T21:05:43","modified_gmt":"2026-03-15T20:05:43","slug":"cest-nous-ou-le-chaos","status":"publish","type":"post","link":"https:\/\/leviroismasque.com\/index.php\/2024\/06\/15\/cest-nous-ou-le-chaos\/","title":{"rendered":"C&rsquo;est nous ou le chaos"},"content":{"rendered":"\n<p>C&rsquo;est marrant, c&rsquo;est une strat\u00e9gie assum\u00e9e qu&rsquo;ils reprochaient il n&rsquo;y a pas longtemps \u00e0 quelqu&rsquo;un d&rsquo;autre.<\/p>\n\n\n\n<div class=\"wp-block-image\"><figure class=\"aligncenter size-full\"><img loading=\"lazy\" width=\"710\" height=\"388\" src=\"https:\/\/leviroismasque.com\/wp-content\/uploads\/2024\/06\/CHAOS.jpg\" alt=\"\" class=\"wp-image-1233\" srcset=\"https:\/\/leviroismasque.com\/wp-content\/uploads\/2024\/06\/CHAOS.jpg 710w, https:\/\/leviroismasque.com\/wp-content\/uploads\/2024\/06\/CHAOS-300x164.jpg 300w\" sizes=\"(max-width: 710px) 100vw, 710px\" \/><\/figure><\/div>\n\n\n\n<p>D\u00e9j\u00e0, premi\u00e8re observation: dimanche soir, juste apr\u00e8s la d\u00e9claration du pr\u00e9sident dissolvant l&rsquo;Assembl\u00e9e Nationale, Rapha\u00ebl GLUCKSMANN sur un plateau de t\u00e9l\u00e9vision tombe des nues et s&rsquo;insurge contre cette d\u00e9cision. R\u00e9action somme toute tout \u00e0 fait compr\u00e9hensible.<\/p>\n\n\n\n<p>Mais juste apr\u00e8s, Olivier FAURE, qui ne l&rsquo;a pas entendu, prend le relais sur la m\u00eame chaise et d\u00e9clare que c&rsquo;est logique et qu&rsquo;il n&rsquo;avait pas le choix.<\/p>\n\n\n\n<p>Dire que les deux comp\u00e8res ont fait ensemble la campagne \u00e9lectorale !<\/p>\n\n\n\n<p>On peut reprocher au pr\u00e9sident d&rsquo;avoir d\u00e9pos\u00e9 une dissolution ce 9 juin.<\/p>\n\n\n\n<p>Mais vous rappelez vous que le 3 juin, LFI et RN d\u00e9posaient une motion de censure et si elles \u00e9taient pass\u00e9es, elles entrainaient une dissolution de l&rsquo;Assembl\u00e9e Nationale. Donc c&rsquo;est un faux proc\u00e8s.<\/p>\n\n\n\n<p><a href=\"https:\/\/www.lemonde.fr\/politique\/article\/2024\/06\/03\/l-assemblee-nationale-rejette-deux-motions-de-censure-contre-le-gouvernement_6237070_823449.html\">https:\/\/www.lemonde.fr\/politique\/article\/2024\/06\/03\/l-assemblee-nationale-rejette-deux-motions-de-censure-contre-le-gouvernement_6237070_823449.html<\/a><\/p>\n\n\n\n<p>La \u00ab\u00a0gauche\u00a0\u00bb se regroupe en 4 jours alors que les partis se disputaient depuis un moment. Des si\u00e8ges seront donc sauv\u00e9s.<\/p>\n\n\n\n<p>Mais pas ceux d&rsquo;Alexis CORBIERES, Rapha\u00eble GARRIDO ni Danielle SIMONNET qui d\u00e9plaisaient \u00e0 Jean Luc MELENCHON. Par contre Adrien QUATENNENSa la voie libre, \u00e9tant proche du seigneur MELENCHON, battre sa femme n&rsquo;\u00e9tant pas r\u00e9dhibitoire \u00e0 LFI.<\/p>\n\n\n\n<p>Pour une nouvelle association de partis \u00e9prise de libert\u00e9 et de lutte contre le fascisme, on a connu de meilleurs d\u00e9parts.<\/p>\n\n\n\n<p>Parlons en de ce nom qui fait appel \u00e0 l&rsquo;ancien glorieux Front Populaire.<\/p>\n\n\n\n<p>Il a apport\u00e9 il est vrai des avanc\u00e9es sociales significatives au peuple fran\u00e7ais. Mais dire qu&rsquo;il \u00e9tait cr\u00e9\u00e9 pour contrer l&rsquo;extr\u00eame droite, c&rsquo;est regarder l&rsquo;affaire par le petit bout de la lorgnette.<\/p>\n\n\n\n<p>Car si temporairement il faisait opposition \u00e0 l&rsquo;extr\u00eame droite, il avait comme composante le Parti Communiste.<\/p>\n\n\n\n<p>Or, lorsque la d\u00e9claration de guerre a \u00e9t\u00e9 faite \u00e0 l&rsquo;Allemagne, le 3 septembre 1939, le pacte germano-sovi\u00e9tique avait d\u00e9j\u00e0 \u00e9t\u00e9 sign\u00e9 le 23 ao\u00fbt 1939 et la direction du Parti Communiste a d\u00e9cid\u00e9 de ne pas entrer en guerre. Mieux, Maurice THOREZ, le secr\u00e9taire g\u00e9n\u00e9ral, a d\u00e9sert\u00e9 pour aller se r\u00e9fugier en URSS.<\/p>\n\n\n\n<p>Comme lutte contre le fascisme, on a fait mieux.<\/p>\n\n\n\n<p>Heureusement, quelques communistes comme Georges GUINGOUIN rel\u00e8veront l&rsquo;honneur du PC (mais il le paiera \u00e0 la lib\u00e9ration alors que THOREZ deviendra ministre. La morale&#8230;)<\/p>\n\n\n\n<p>Donc, en ce qui concerne le Nouveau Front Populaire, sur la lutte contre POUTINE, nous pouvons nous attendre au pire.<\/p>\n\n\n\n<p>Pour le RN \u00e9galement, ses liens avec la Russie ne datant pas d&rsquo;hier.<\/p>\n\n\n\n<p>Pour finir, \u00e0 Vire, nous aurons donc en gros le choix entre 3 groupes, RN, Majorit\u00e9 pr\u00e9sidentielle, LFI. dont un  comporte bon nombre de x\u00e9nophobes et l&rsquo;autre d&rsquo;antis\u00e9mites (je ne parle pas des \u00e9lecteurs hein !).<\/p>\n\n\n\n<p>Sans parler du demain on rase gratis, bien qu&rsquo;on sente par moments quelques reculs. On ne sait jamais, des fois qu&rsquo;on soit \u00e9lu&#8230;<\/p>\n\n\n\n<p>Il suffira de dire \u00ab\u00a0on fait un audit\u00a0\u00bb puis \u00ab\u00a0la situation est pire que ce que l&rsquo;on pensait, on ne peut pas tout faire !\u00a0\u00bb.<\/p>\n\n\n\n<p>Faites votre choix !<\/p>\n\n\n\n<p><\/p>\n","protected":false},"excerpt":{"rendered":"<p>C&rsquo;est marrant, c&rsquo;est une strat\u00e9gie assum\u00e9e qu&rsquo;ils reprochaient il n&rsquo;y a pas longtemps \u00e0 quelqu&rsquo;un d&rsquo;autre. D\u00e9j\u00e0, premi\u00e8re observation: dimanche soir, juste apr\u00e8s la d\u00e9claration du pr\u00e9sident dissolvant l&rsquo;Assembl\u00e9e Nationale, Rapha\u00ebl GLUCKSMANN sur un plateau de t\u00e9l\u00e9vision tombe des nues et s&rsquo;insurge contre cette d\u00e9cision. R\u00e9action somme toute tout \u00e0 fait compr\u00e9hensible. Mais juste apr\u00e8s, [&hellip;]<\/p>\n","protected":false},"author":1,"featured_media":0,"comment_status":"open","ping_status":"open","sticky":false,"template":"","format":"standard","meta":[],"categories":[11,18,16],"tags":[],"yoast_head":"<!-- This site is optimized with the Yoast SEO plugin v19.0 - https:\/\/yoast.com\/wordpress\/plugins\/seo\/ -->\n<title>C&#039;est nous ou le chaos - Le Virois Masqu\u00e9<\/title>\n<meta name=\"robots\" content=\"index, follow, max-snippet:-1, max-image-preview:large, max-video-preview:-1\" \/>\n<link rel=\"canonical\" href=\"https:\/\/leviroismasque.com\/index.php\/2024\/06\/15\/cest-nous-ou-le-chaos\/\" \/>\n<meta property=\"og:locale\" content=\"fr_FR\" \/>\n<meta property=\"og:type\" content=\"article\" \/>\n<meta property=\"og:title\" content=\"C&#039;est nous ou le chaos - Le Virois Masqu\u00e9\" \/>\n<meta property=\"og:description\" content=\"C&rsquo;est marrant, c&rsquo;est une strat\u00e9gie assum\u00e9e qu&rsquo;ils reprochaient il n&rsquo;y a pas longtemps \u00e0 quelqu&rsquo;un d&rsquo;autre. D\u00e9j\u00e0, premi\u00e8re observation: dimanche soir, juste apr\u00e8s la d\u00e9claration du pr\u00e9sident dissolvant l&rsquo;Assembl\u00e9e Nationale, Rapha\u00ebl GLUCKSMANN sur un plateau de t\u00e9l\u00e9vision tombe des nues et s&rsquo;insurge contre cette d\u00e9cision. R\u00e9action somme toute tout \u00e0 fait compr\u00e9hensible. Mais juste apr\u00e8s, [&hellip;]\" \/>\n<meta property=\"og:url\" content=\"https:\/\/leviroismasque.com\/index.php\/2024\/06\/15\/cest-nous-ou-le-chaos\/\" \/>\n<meta property=\"og:site_name\" content=\"Le Virois Masqu\u00e9\" \/>\n<meta property=\"article:publisher\" content=\"https:\/\/www.facebook.com\/Le-virois-masqu-102219125856936\" \/>\n<meta property=\"article:author\" content=\"https:\/\/www.facebook.com\/Le-virois-masqu-102219125856936\" \/>\n<meta property=\"article:published_time\" content=\"2024-06-15T09:01:23+00:00\" \/>\n<meta property=\"article:modified_time\" content=\"2026-03-15T20:05:43+00:00\" \/>\n<meta property=\"og:image\" content=\"https:\/\/leviroismasque.com\/wp-content\/uploads\/2024\/06\/CHAOS.jpg\" \/>\n<meta name=\"twitter:card\" content=\"summary_large_image\" \/>\n<meta name=\"twitter:label1\" content=\"\u00c9crit par\" \/>\n\t<meta name=\"twitter:data1\" content=\"admin3115\" \/>\n\t<meta name=\"twitter:label2\" content=\"Dur\u00e9e de lecture estim\u00e9e\" \/>\n\t<meta name=\"twitter:data2\" content=\"3 minutes\" \/>\n<script type=\"application\/ld+json\" class=\"yoast-schema-graph\">{\"@context\":\"https:\/\/schema.org\",\"@graph\":[{\"@type\":\"WebSite\",\"@id\":\"https:\/\/leviroismasque.com\/#website\",\"url\":\"https:\/\/leviroismasque.com\/\",\"name\":\"Le Virois Masqu\u00e9\",\"description\":\"\",\"publisher\":{\"@id\":\"https:\/\/leviroismasque.com\/#\/schema\/person\/c06d8f98253f756bda308e7613607a7e\"},\"potentialAction\":[{\"@type\":\"SearchAction\",\"target\":{\"@type\":\"EntryPoint\",\"urlTemplate\":\"https:\/\/leviroismasque.com\/?s={search_term_string}\"},\"query-input\":\"required name=search_term_string\"}],\"inLanguage\":\"fr-FR\"},{\"@type\":\"ImageObject\",\"inLanguage\":\"fr-FR\",\"@id\":\"https:\/\/leviroismasque.com\/index.php\/2024\/06\/15\/cest-nous-ou-le-chaos\/#primaryimage\",\"url\":\"https:\/\/leviroismasque.com\/wp-content\/uploads\/2024\/06\/CHAOS.jpg\",\"contentUrl\":\"https:\/\/leviroismasque.com\/wp-content\/uploads\/2024\/06\/CHAOS.jpg\",\"width\":710,\"height\":388},{\"@type\":\"WebPage\",\"@id\":\"https:\/\/leviroismasque.com\/index.php\/2024\/06\/15\/cest-nous-ou-le-chaos\/#webpage\",\"url\":\"https:\/\/leviroismasque.com\/index.php\/2024\/06\/15\/cest-nous-ou-le-chaos\/\",\"name\":\"C'est nous ou le chaos - Le Virois Masqu\u00e9\",\"isPartOf\":{\"@id\":\"https:\/\/leviroismasque.com\/#website\"},\"primaryImageOfPage\":{\"@id\":\"https:\/\/leviroismasque.com\/index.php\/2024\/06\/15\/cest-nous-ou-le-chaos\/#primaryimage\"},\"datePublished\":\"2024-06-15T09:01:23+00:00\",\"dateModified\":\"2026-03-15T20:05:43+00:00\",\"breadcrumb\":{\"@id\":\"https:\/\/leviroismasque.com\/index.php\/2024\/06\/15\/cest-nous-ou-le-chaos\/#breadcrumb\"},\"inLanguage\":\"fr-FR\",\"potentialAction\":[{\"@type\":\"ReadAction\",\"target\":[\"https:\/\/leviroismasque.com\/index.php\/2024\/06\/15\/cest-nous-ou-le-chaos\/\"]}]},{\"@type\":\"BreadcrumbList\",\"@id\":\"https:\/\/leviroismasque.com\/index.php\/2024\/06\/15\/cest-nous-ou-le-chaos\/#breadcrumb\",\"itemListElement\":[{\"@type\":\"ListItem\",\"position\":1,\"name\":\"Accueil\",\"item\":\"https:\/\/leviroismasque.com\/\"},{\"@type\":\"ListItem\",\"position\":2,\"name\":\"C&rsquo;est nous ou le chaos\"}]},{\"@type\":\"Article\",\"@id\":\"https:\/\/leviroismasque.com\/index.php\/2024\/06\/15\/cest-nous-ou-le-chaos\/#article\",\"isPartOf\":{\"@id\":\"https:\/\/leviroismasque.com\/index.php\/2024\/06\/15\/cest-nous-ou-le-chaos\/#webpage\"},\"author\":{\"@id\":\"https:\/\/leviroismasque.com\/#\/schema\/person\/c06d8f98253f756bda308e7613607a7e\"},\"headline\":\"C&rsquo;est nous ou le chaos\",\"datePublished\":\"2024-06-15T09:01:23+00:00\",\"dateModified\":\"2026-03-15T20:05:43+00:00\",\"mainEntityOfPage\":{\"@id\":\"https:\/\/leviroismasque.com\/index.php\/2024\/06\/15\/cest-nous-ou-le-chaos\/#webpage\"},\"wordCount\":526,\"commentCount\":0,\"publisher\":{\"@id\":\"https:\/\/leviroismasque.com\/#\/schema\/person\/c06d8f98253f756bda308e7613607a7e\"},\"image\":{\"@id\":\"https:\/\/leviroismasque.com\/index.php\/2024\/06\/15\/cest-nous-ou-le-chaos\/#primaryimage\"},\"thumbnailUrl\":\"https:\/\/leviroismasque.com\/wp-content\/uploads\/2024\/06\/CHAOS.jpg\",\"articleSection\":[\"Politique\",\"Politique locale\",\"Politique nationale\"],\"inLanguage\":\"fr-FR\",\"potentialAction\":[{\"@type\":\"CommentAction\",\"name\":\"Comment\",\"target\":[\"https:\/\/leviroismasque.com\/index.php\/2024\/06\/15\/cest-nous-ou-le-chaos\/#respond\"]}]},{\"@type\":[\"Person\",\"Organization\"],\"@id\":\"https:\/\/leviroismasque.com\/#\/schema\/person\/c06d8f98253f756bda308e7613607a7e\",\"name\":\"admin3115\",\"image\":{\"@type\":\"ImageObject\",\"inLanguage\":\"fr-FR\",\"@id\":\"https:\/\/leviroismasque.com\/#\/schema\/person\/image\/\",\"url\":\"https:\/\/leviroismasque.ovh\/wp-content\/uploads\/2021\/10\/cropped-lvm.gif\",\"contentUrl\":\"https:\/\/leviroismasque.ovh\/wp-content\/uploads\/2021\/10\/cropped-lvm.gif\",\"width\":512,\"height\":512,\"caption\":\"admin3115\"},\"logo\":{\"@id\":\"https:\/\/leviroismasque.com\/#\/schema\/person\/image\/\"},\"sameAs\":[\"http:\/\/tsamiyu.cluster031.hosting.ovh.net\",\"https:\/\/www.facebook.com\/Le-virois-masqu-102219125856936\"],\"url\":\"https:\/\/leviroismasque.com\/index.php\/author\/admin3115\/\"}]}<\/script>\n<!-- \/ Yoast SEO plugin. -->","yoast_head_json":{"title":"C'est nous ou le chaos - Le Virois Masqu\u00e9","robots":{"index":"index","follow":"follow","max-snippet":"max-snippet:-1","max-image-preview":"max-image-preview:large","max-video-preview":"max-video-preview:-1"},"canonical":"https:\/\/leviroismasque.com\/index.php\/2024\/06\/15\/cest-nous-ou-le-chaos\/","og_locale":"fr_FR","og_type":"article","og_title":"C'est nous ou le chaos - Le Virois Masqu\u00e9","og_description":"C&rsquo;est marrant, c&rsquo;est une strat\u00e9gie assum\u00e9e qu&rsquo;ils reprochaient il n&rsquo;y a pas longtemps \u00e0 quelqu&rsquo;un d&rsquo;autre. D\u00e9j\u00e0, premi\u00e8re observation: dimanche soir, juste apr\u00e8s la d\u00e9claration du pr\u00e9sident dissolvant l&rsquo;Assembl\u00e9e Nationale, Rapha\u00ebl GLUCKSMANN sur un plateau de t\u00e9l\u00e9vision tombe des nues et s&rsquo;insurge contre cette d\u00e9cision. R\u00e9action somme toute tout \u00e0 fait compr\u00e9hensible. Mais juste apr\u00e8s, [&hellip;]","og_url":"https:\/\/leviroismasque.com\/index.php\/2024\/06\/15\/cest-nous-ou-le-chaos\/","og_site_name":"Le Virois Masqu\u00e9","article_publisher":"https:\/\/www.facebook.com\/Le-virois-masqu-102219125856936","article_author":"https:\/\/www.facebook.com\/Le-virois-masqu-102219125856936","article_published_time":"2024-06-15T09:01:23+00:00","article_modified_time":"2026-03-15T20:05:43+00:00","og_image":[{"url":"https:\/\/leviroismasque.com\/wp-content\/uploads\/2024\/06\/CHAOS.jpg"}],"twitter_card":"summary_large_image","twitter_misc":{"\u00c9crit par":"admin3115","Dur\u00e9e de lecture estim\u00e9e":"3 minutes"},"schema":{"@context":"https:\/\/schema.org","@graph":[{"@type":"WebSite","@id":"https:\/\/leviroismasque.com\/#website","url":"https:\/\/leviroismasque.com\/","name":"Le Virois Masqu\u00e9","description":"","publisher":{"@id":"https:\/\/leviroismasque.com\/#\/schema\/person\/c06d8f98253f756bda308e7613607a7e"},"potentialAction":[{"@type":"SearchAction","target":{"@type":"EntryPoint","urlTemplate":"https:\/\/leviroismasque.com\/?s={search_term_string}"},"query-input":"required name=search_term_string"}],"inLanguage":"fr-FR"},{"@type":"ImageObject","inLanguage":"fr-FR","@id":"https:\/\/leviroismasque.com\/index.php\/2024\/06\/15\/cest-nous-ou-le-chaos\/#primaryimage","url":"https:\/\/leviroismasque.com\/wp-content\/uploads\/2024\/06\/CHAOS.jpg","contentUrl":"https:\/\/leviroismasque.com\/wp-content\/uploads\/2024\/06\/CHAOS.jpg","width":710,"height":388},{"@type":"WebPage","@id":"https:\/\/leviroismasque.com\/index.php\/2024\/06\/15\/cest-nous-ou-le-chaos\/#webpage","url":"https:\/\/leviroismasque.com\/index.php\/2024\/06\/15\/cest-nous-ou-le-chaos\/","name":"C'est nous ou le chaos - Le Virois Masqu\u00e9","isPartOf":{"@id":"https:\/\/leviroismasque.com\/#website"},"primaryImageOfPage":{"@id":"https:\/\/leviroismasque.com\/index.php\/2024\/06\/15\/cest-nous-ou-le-chaos\/#primaryimage"},"datePublished":"2024-06-15T09:01:23+00:00","dateModified":"2026-03-15T20:05:43+00:00","breadcrumb":{"@id":"https:\/\/leviroismasque.com\/index.php\/2024\/06\/15\/cest-nous-ou-le-chaos\/#breadcrumb"},"inLanguage":"fr-FR","potentialAction":[{"@type":"ReadAction","target":["https:\/\/leviroismasque.com\/index.php\/2024\/06\/15\/cest-nous-ou-le-chaos\/"]}]},{"@type":"BreadcrumbList","@id":"https:\/\/leviroismasque.com\/index.php\/2024\/06\/15\/cest-nous-ou-le-chaos\/#breadcrumb","itemListElement":[{"@type":"ListItem","position":1,"name":"Accueil","item":"https:\/\/leviroismasque.com\/"},{"@type":"ListItem","position":2,"name":"C&rsquo;est nous ou le chaos"}]},{"@type":"Article","@id":"https:\/\/leviroismasque.com\/index.php\/2024\/06\/15\/cest-nous-ou-le-chaos\/#article","isPartOf":{"@id":"https:\/\/leviroismasque.com\/index.php\/2024\/06\/15\/cest-nous-ou-le-chaos\/#webpage"},"author":{"@id":"https:\/\/leviroismasque.com\/#\/schema\/person\/c06d8f98253f756bda308e7613607a7e"},"headline":"C&rsquo;est nous ou le chaos","datePublished":"2024-06-15T09:01:23+00:00","dateModified":"2026-03-15T20:05:43+00:00","mainEntityOfPage":{"@id":"https:\/\/leviroismasque.com\/index.php\/2024\/06\/15\/cest-nous-ou-le-chaos\/#webpage"},"wordCount":526,"commentCount":0,"publisher":{"@id":"https:\/\/leviroismasque.com\/#\/schema\/person\/c06d8f98253f756bda308e7613607a7e"},"image":{"@id":"https:\/\/leviroismasque.com\/index.php\/2024\/06\/15\/cest-nous-ou-le-chaos\/#primaryimage"},"thumbnailUrl":"https:\/\/leviroismasque.com\/wp-content\/uploads\/2024\/06\/CHAOS.jpg","articleSection":["Politique","Politique locale","Politique nationale"],"inLanguage":"fr-FR","potentialAction":[{"@type":"CommentAction","name":"Comment","target":["https:\/\/leviroismasque.com\/index.php\/2024\/06\/15\/cest-nous-ou-le-chaos\/#respond"]}]},{"@type":["Person","Organization"],"@id":"https:\/\/leviroismasque.com\/#\/schema\/person\/c06d8f98253f756bda308e7613607a7e","name":"admin3115","image":{"@type":"ImageObject","inLanguage":"fr-FR","@id":"https:\/\/leviroismasque.com\/#\/schema\/person\/image\/","url":"https:\/\/leviroismasque.ovh\/wp-content\/uploads\/2021\/10\/cropped-lvm.gif","contentUrl":"https:\/\/leviroismasque.ovh\/wp-content\/uploads\/2021\/10\/cropped-lvm.gif","width":512,"height":512,"caption":"admin3115"},"logo":{"@id":"https:\/\/leviroismasque.com\/#\/schema\/person\/image\/"},"sameAs":["http:\/\/tsamiyu.cluster031.hosting.ovh.net","https:\/\/www.facebook.com\/Le-virois-masqu-102219125856936"],"url":"https:\/\/leviroismasque.com\/index.php\/author\/admin3115\/"}]}},"_links":{"self":[{"href":"https:\/\/leviroismasque.com\/index.php\/wp-json\/wp\/v2\/posts\/1232"}],"collection":[{"href":"https:\/\/leviroismasque.com\/index.php\/wp-json\/wp\/v2\/posts"}],"about":[{"href":"https:\/\/leviroismasque.com\/index.php\/wp-json\/wp\/v2\/types\/post"}],"author":[{"embeddable":true,"href":"https:\/\/leviroismasque.com\/index.php\/wp-json\/wp\/v2\/users\/1"}],"replies":[{"embeddable":true,"href":"https:\/\/leviroismasque.com\/index.php\/wp-json\/wp\/v2\/comments?post=1232"}],"version-history":[{"count":9,"href":"https:\/\/leviroismasque.com\/index.php\/wp-json\/wp\/v2\/posts\/1232\/revisions"}],"predecessor-version":[{"id":2215,"href":"https:\/\/leviroismasque.com\/index.php\/wp-json\/wp\/v2\/posts\/1232\/revisions\/2215"}],"wp:attachment":[{"href":"https:\/\/leviroismasque.com\/index.php\/wp-json\/wp\/v2\/media?parent=1232"}],"wp:term":[{"taxonomy":"category","embeddable":true,"href":"https:\/\/leviroismasque.com\/index.php\/wp-json\/wp\/v2\/categories?post=1232"},{"taxonomy":"post_tag","embeddable":true,"href":"https:\/\/leviroismasque.com\/index.php\/wp-json\/wp\/v2\/tags?post=1232"}],"curies":[{"name":"wp","href":"https:\/\/api.w.org\/{rel}","templated":true}]}}