{"id":1271,"date":"2024-06-26T23:43:38","date_gmt":"2024-06-26T21:43:38","guid":{"rendered":"https:\/\/leviroismasque.com\/?p=1271"},"modified":"2026-03-15T20:32:29","modified_gmt":"2026-03-15T19:32:29","slug":"revue-de-professions-de-foi","status":"publish","type":"post","link":"https:\/\/leviroismasque.com\/index.php\/2024\/06\/26\/revue-de-professions-de-foi\/","title":{"rendered":"Revue de professions de foi"},"content":{"rendered":"\n<p>Les nouveaux prospectus \u00e9lectoraux viennent donc d&rsquo;arriver. La dissolution de l&rsquo;Assembl\u00e9e Nationale a pris tout le monde de court. Donc tout le monde \u00e9tait \u00e0 la m\u00eame enseigne, \u00e0 ceci pr\u00e8s que les grosses \u00e9curies \u00e9taient tout de m\u00eame favoris\u00e9es..<\/p>\n\n\n\n<p>La chose qui frappe en premier est la d\u00e9personnalisation de toutes les candidatures sauf trois qui pr\u00e9sentent le portrait des candidat(e)s: Il n&rsquo;y a que les professions de foi de Mesdames <strong>LAHALLE<\/strong>, <strong>BORNE<\/strong> et <strong>LAREYNIE <\/strong>qui pr\u00e9sentent les photos des candidates.<\/p>\n\n\n\n<p><\/p>\n\n\n\n<div class=\"wp-block-image\"><figure class=\"aligncenter size-full\"><img loading=\"lazy\" width=\"410\" height=\"360\" src=\"https:\/\/leviroismasque.com\/wp-content\/uploads\/2024\/06\/legislatives.jpg\" alt=\"\" class=\"wp-image-1278\" srcset=\"https:\/\/leviroismasque.com\/wp-content\/uploads\/2024\/06\/legislatives.jpg 410w, https:\/\/leviroismasque.com\/wp-content\/uploads\/2024\/06\/legislatives-300x263.jpg 300w\" sizes=\"(max-width: 410px) 100vw, 410px\" \/><\/figure><\/div>\n\n\n\n<p>Les autres n&rsquo;osent m\u00eame pas se pr\u00e9senter et s&rsquo;abritent derri\u00e8re leurs leaders nationaux.<\/p>\n\n\n\n<p>Et c&rsquo;est d&rsquo;autant plus remarquable pour <strong>Madame  LAREYNIE <\/strong>qu&rsquo;il s&rsquo;agit d&rsquo;un petit parti, \u00e0 savoir le NPA-R\u00e9volutionnaire.<\/p>\n\n\n\n<p>Je parle pour la forme bien entendu, car pour le fond, \u00e0 le lire, vous serez heureux  de lire que la France avait envoy\u00e9 des troupes coloniales au Mali. Heureusement, depuis, la junte militaire, les Russes et les djihadistes l&rsquo;ont enfin lib\u00e9r\u00e9.<\/p>\n\n\n\n<div class=\"wp-block-image\"><figure class=\"aligncenter size-full\"><img loading=\"lazy\" width=\"410\" height=\"214\" src=\"https:\/\/leviroismasque.com\/wp-content\/uploads\/2024\/06\/NPA-1.jpg\" alt=\"\" class=\"wp-image-1279\" srcset=\"https:\/\/leviroismasque.com\/wp-content\/uploads\/2024\/06\/NPA-1.jpg 410w, https:\/\/leviroismasque.com\/wp-content\/uploads\/2024\/06\/NPA-1-300x157.jpg 300w\" sizes=\"(max-width: 410px) 100vw, 410px\" \/><\/figure><\/div>\n\n\n\n<p>Pour le reste, tous les autres candidats sont racistes, contre les travailleurs, contre la jeunesse, les LGBTI (je viens d&rsquo;apprendre ce qu&rsquo;\u00e9tait le I = intersexe, ils ont oubli\u00e9 le A de asexu\u00e9s), contre la d\u00e9mocratie. \u00ab\u00a0C&rsquo;est nous qui travaillons, c&rsquo;est nous qui d\u00e9cidons.\u00a0\u00bb<\/p>\n\n\n\n<p><\/p>\n\n\n\n<p>Le tract d<strong>&lsquo;Elisabeth BORNE <\/strong>est sobre. Trop. Disons qu&rsquo;il se repose sur le bilan de quelqu&rsquo;un qui a \u00e9t\u00e9 au pouvoir, dont l&rsquo;action est connue, comme celle de son suppl\u00e9ant.<\/p>\n\n\n\n<p>La candidature de <strong>Lynda LAHALLE <\/strong>est surtout envoy\u00e9e par Herv\u00e9 MORIN , le visionnaire (vous savez, celui qui avait vu arriver les alli\u00e9s d\u00e9barquer d&rsquo;o\u00f9 le surnom de MORIN McFly).<\/p>\n\n\n\n<p>C&rsquo;est curieux, elle a du se tromper avec l&rsquo;\u00e9lection pr\u00e9c\u00e9dente (Europ\u00e9ennes) car elle se propose d&rsquo;augmenter les moyens de Frontex. Or, c&rsquo;est une agence de l&rsquo;Union Europ\u00e9enne et ne d\u00e9pend pas de l&rsquo;Assembl\u00e9e Nationale.<\/p>\n\n\n\n<p>Et \u00ab\u00a0redonner confiance en notre syst\u00e8me scolaire, \u00ab\u00a0restaurer l&rsquo;autorit\u00e9 de l&rsquo;\u00e9tat\u00a0\u00bb et \u00ab\u00a0redresser nos finances publiques en am\u00e9liorant la performance de nos services publics\u00a0\u00bb ne mange pas de pain et permet de noircir la feuille.<\/p>\n\n\n\n<p><strong>Charles DE COURSON<\/strong>, d\u00e9put\u00e9 depuis 31 ans  le sait comme <strong>Herv\u00e9 MORIN<\/strong>, ex ministre de Nicolas Sarkozy.<\/p>\n\n\n\n<p>D&rsquo;ailleurs, si <strong>Emmanuel MACRON <\/strong>avait eu la bont\u00e9 de faire appel \u00e0 <strong>Mr MORIN <\/strong>pour un quelconque poste de ministre, il aurait s\u00fbrement \u00e9t\u00e9 moins hargneux envers lui.<\/p>\n\n\n\n<p>Bon, maintenant, cherchons donc qui se pr\u00e9sente maintenant sur cette nouvelle fiche. Voyons&#8230;<\/p>\n\n\n\n<div class=\"wp-block-image\"><figure class=\"aligncenter size-full\"><img loading=\"lazy\" width=\"797\" height=\"554\" src=\"https:\/\/leviroismasque.com\/wp-content\/uploads\/2024\/06\/calbrix-2.jpg\" alt=\"\" class=\"wp-image-1280\" srcset=\"https:\/\/leviroismasque.com\/wp-content\/uploads\/2024\/06\/calbrix-2.jpg 797w, https:\/\/leviroismasque.com\/wp-content\/uploads\/2024\/06\/calbrix-2-300x209.jpg 300w, https:\/\/leviroismasque.com\/wp-content\/uploads\/2024\/06\/calbrix-2-768x534.jpg 768w\" sizes=\"(max-width: 797px) 100vw, 797px\" \/><\/figure><\/div>\n\n\n\n<p>Voyons, voyons, ce n&rsquo;est pas la dame blonde, ni le jeune homme qui veut \u00eatre premier ministre.<\/p>\n\n\n\n<p>Vous vous attendez \u00e0 ce que ce soit l&rsquo;\u00e9l\u00e9gant mannequin au verso (image \u00e0 droite) ? Eh non, c&rsquo;est toujours celui qui veut \u00eatre premier ministre et dont le nom est en gros au recto.<\/p>\n\n\n\n<p>A croire que Jordan BARDELLA se pr\u00e9sente dans notre circonscription.<\/p>\n\n\n\n<p>Non non non, le candidat qui nous est propos\u00e9 a son nom en tout petit en dessous, \u00e0 savoir <strong>Nicolas CALBRIX <\/strong>, autant dire un illustre inconnu parachut\u00e9.<\/p>\n\n\n\n<p>Ne parlons pas programme, \u00e7a vous f\u00e2cherait. Ces derniers temps, il a r\u00e9trograd\u00e9 sur la plupart des promesses qu&rsquo;il a faites. Ne comptez pas sur la retraite \u00e0 60 ans. Avec ses r\u00e9cents coups de frein, la retraite \u00e0 cet \u00e2ge pour leurs nouveaux crit\u00e8res concerne pour des sp\u00e9cialistes 45.000 personnes. C&rsquo;est peu !<\/p>\n\n\n\n<p>Et parler de laxisme judiciaire est curieux quand on sait que les prisons n&rsquo;ont jamais \u00e9t\u00e9 aussi pleines.<\/p>\n\n\n\n<p>Donc arnaque sur celui pour qui on va voter, arnaque sur le programme. Vos conclusions ?<\/p>\n\n\n\n<p>Toujours est il que si vous choisissez ce bulletin, vous voterez pour un illustre inconnu dont vous ne connaissez m\u00eame pas le visage.<\/p>\n\n\n\n<figure class=\"wp-block-image size-full\"><img loading=\"lazy\" width=\"246\" height=\"48\" src=\"https:\/\/leviroismasque.com\/wp-content\/uploads\/2021\/11\/Espace-blanc-1.jpg\" alt=\"\" class=\"wp-image-264\"\/><\/figure>\n\n\n\n<p>Passons enfin \u00e0 la profession de foi du repr\u00e9sentant du Nouveau Front Populaire.<\/p>\n\n\n\n<figure class=\"wp-block-image size-full\"><img loading=\"lazy\" width=\"810\" height=\"567\" src=\"https:\/\/leviroismasque.com\/wp-content\/uploads\/2024\/06\/gauchard-1.jpg\" alt=\"\" class=\"wp-image-1281\" srcset=\"https:\/\/leviroismasque.com\/wp-content\/uploads\/2024\/06\/gauchard-1.jpg 810w, https:\/\/leviroismasque.com\/wp-content\/uploads\/2024\/06\/gauchard-1-300x210.jpg 300w, https:\/\/leviroismasque.com\/wp-content\/uploads\/2024\/06\/gauchard-1-768x538.jpg 768w\" sizes=\"(max-width: 810px) 100vw, 810px\" \/><\/figure>\n\n\n\n<p>L\u00e0, le nom est suffisamment grand mais on sait pour qui le monsieur marche. Regardez, en bas, \u00e0 gauche.<\/p>\n\n\n\n<p>Tout comme <strong>N. CALBRIX <\/strong>marche pour <strong>BARDELLA <\/strong>, <strong>No\u00e9 GAUCHARD <\/strong>marche pour <strong>MELENCHON <\/strong>alors m\u00eame que tous les partis dont les logos s&rsquo;affichent plus discr\u00e8tement sur la droite le rejettent.<\/p>\n\n\n\n<p>Donc, est il s\u00fbr qu&rsquo;afficher le portrait de l&rsquo;illustre ex candidat \u00e0 la pr\u00e9sidentielle va lui ramener les voix de ceux qui ont vot\u00e9<strong> Rapha\u00ebl GLICKSMANN <\/strong>?<\/p>\n\n\n\n<p>Hier,<strong> Manon AUBRY <\/strong>(t\u00eate de liste LFI aux Europ\u00e9ennes)  interview\u00e9e par <strong>Jean-Jacques BOURDIN <\/strong>sur RMC d\u00e9clarait \u00ab\u00a0Si le RN gagne, il faudra faire acte de r\u00e9sistance\u00a0\u00bb. Ce soir, sur LCI, Jean <strong>Luc MELENCHON <\/strong>d\u00e9clare la m\u00eame chose.<\/p>\n\n\n\n<p>C&rsquo;est tout de m\u00eame \u00e9trange, c&rsquo;est qu&rsquo;apr\u00e8s les \u00e9v\u00e8nements tragiques du 7 octobre en Isra\u00ebl, c&rsquo;est le m\u00eame vocabulaire qui avait \u00e9t\u00e9 utilis\u00e9 par un certain nombre d&rsquo;\u00e9lus LFI. <strong>Jean Luc MELENCHON <\/strong>est pourtant connu pour avoir un registre  rh\u00e9torique plus \u00e9tendu.<\/p>\n\n\n\n<p>Je ne suis pas un instant complotiste, je ne crois pas un instant qu&rsquo;ils en arrivent \u00e0 ces exc\u00e8s mais quand on ne veut pas reconna\u00eetre ses erreurs, on s&rsquo;expose inutilement. Et quand on lit dans ce tract \u00ab\u00a0le poison du racisme\u00a0\u00bb peut \u00eatre la France Insoumise a t&rsquo;elle essay\u00e9 la mithridatisation. donc \u00ab\u00a0acte de r\u00e9sistance\u00a0\u00bb&#8230;<\/p>\n\n\n\n<p>Pour r\u00e9sumer le programme, on augmente tous les salaires, on bloque les prix de premi\u00e8re n\u00e9cessit\u00e9, de l&rsquo;\u00e9nergie et des carburants et surtout, on y croit.<\/p>\n\n\n\n<p>D&rsquo;ailleurs, le diable se cache dans les d\u00e9tails.Officiellement, on nous promet la gratuit\u00e9 de l&rsquo;\u00e9cole. Et quand on regarde le programme du Nouveau Front Populaire, on est beaucoup plus prudent:<\/p>\n\n\n\n<figure class=\"wp-block-image size-full\"><img loading=\"lazy\" width=\"818\" height=\"82\" src=\"https:\/\/leviroismasque.com\/wp-content\/uploads\/2024\/06\/gratuite-1.jpg\" alt=\"\" class=\"wp-image-1306\" srcset=\"https:\/\/leviroismasque.com\/wp-content\/uploads\/2024\/06\/gratuite-1.jpg 818w, https:\/\/leviroismasque.com\/wp-content\/uploads\/2024\/06\/gratuite-1-300x30.jpg 300w, https:\/\/leviroismasque.com\/wp-content\/uploads\/2024\/06\/gratuite-1-768x77.jpg 768w\" sizes=\"(max-width: 818px) 100vw, 818px\" \/><\/figure>\n\n\n\n<p><\/p>\n\n\n\n<p>Quand on pense que <strong>Val\u00e9rie RABAULT <\/strong>(PS) avait estim\u00e9 le projet \u00e0 100 milliards alors que LFI l&rsquo;avait estim\u00e9 \u00e0 200 milliards.<\/p>\n\n\n\n<p>Apr\u00e8s une discussion de marchands de tapis, ils se sont mis d&rsquo;accord sur 150 milliards.<\/p>\n\n\n\n<p>En ce qui concerne la retraite, le tract d\u00e9clare la vouloir \u00e0 60 ans mais il omet de dire qu&rsquo;il y aura des d\u00e9cotes si le nombre de trimestres n&rsquo;est pas valid\u00e9.<\/p>\n\n\n\n<p>Et quoiqu&rsquo;on pense de <strong>BARDELLA <\/strong>, \u00e9crire :<\/p>\n\n\n\n<div class=\"wp-block-image\"><figure class=\"aligncenter size-full\"><img loading=\"lazy\" width=\"810\" height=\"79\" src=\"https:\/\/leviroismasque.com\/wp-content\/uploads\/2024\/06\/gauchard-tract2.jpg\" alt=\"\" class=\"wp-image-1282\" srcset=\"https:\/\/leviroismasque.com\/wp-content\/uploads\/2024\/06\/gauchard-tract2.jpg 810w, https:\/\/leviroismasque.com\/wp-content\/uploads\/2024\/06\/gauchard-tract2-300x29.jpg 300w, https:\/\/leviroismasque.com\/wp-content\/uploads\/2024\/06\/gauchard-tract2-768x75.jpg 768w\" sizes=\"(max-width: 810px) 100vw, 810px\" \/><\/figure><\/div>\n\n\n\n<p>manque singuli\u00e8rement de classe et fait promettre \u00e0 l\u2019Assembl\u00e9e Nationale une absence d&rsquo;apaisement et de s\u00e9r\u00e9nit\u00e9.<\/p>\n\n\n\n<p>Mais si vous voulez <strong>Jean Luc MELENCHON <\/strong>premier ministre, vous savez quel bulletin de vote il faut glisser dans l&rsquo;urne.<\/p>\n\n\n\n<p>A la fin de ce document, nous pouvons lire:<\/p>\n\n\n\n<figure class=\"wp-block-image size-full\"><img loading=\"lazy\" width=\"810\" height=\"62\" src=\"https:\/\/leviroismasque.com\/wp-content\/uploads\/2024\/06\/gauchard-tract3.jpg\" alt=\"\" class=\"wp-image-1284\" srcset=\"https:\/\/leviroismasque.com\/wp-content\/uploads\/2024\/06\/gauchard-tract3.jpg 810w, https:\/\/leviroismasque.com\/wp-content\/uploads\/2024\/06\/gauchard-tract3-300x23.jpg 300w, https:\/\/leviroismasque.com\/wp-content\/uploads\/2024\/06\/gauchard-tract3-768x59.jpg 768w\" sizes=\"(max-width: 810px) 100vw, 810px\" \/><figcaption>Alors nous pouvons faire un certain nombre de reproches aux d\u00e9cisions d&rsquo;Emmanuel MACRON mais qu&rsquo;est ce que le programme \u00e9conomique du pr\u00e9sident a de raciste ?<\/figcaption><\/figure>\n\n\n\n<p> Ah, pour en finir avec ce tract, je garde le meilleur pour la fin, en lisant le second paragraphe: <\/p>\n\n\n\n<figure class=\"wp-block-image size-full\"><img loading=\"lazy\" width=\"810\" height=\"82\" src=\"https:\/\/leviroismasque.com\/wp-content\/uploads\/2024\/06\/gauchard-tract-1.jpg\" alt=\"\" class=\"wp-image-1290\" srcset=\"https:\/\/leviroismasque.com\/wp-content\/uploads\/2024\/06\/gauchard-tract-1.jpg 810w, https:\/\/leviroismasque.com\/wp-content\/uploads\/2024\/06\/gauchard-tract-1-300x30.jpg 300w, https:\/\/leviroismasque.com\/wp-content\/uploads\/2024\/06\/gauchard-tract-1-768x78.jpg 768w\" sizes=\"(max-width: 810px) 100vw, 810px\" \/><\/figure>\n\n\n\n<p>Je ne sais pas si la suppl\u00e9ante, Madame BIHEL , a lu le document mais en tant qu&rsquo;ex membre de l\u2019\u00c9ducation Nationale&#8230;<\/p>\n\n\n\n<p>Ah, et j&rsquo;oubliais, si nous allons voir sur le site du candidat pour en savoir plus sur lui:<\/p>\n\n\n\n<figure class=\"wp-block-image size-full\"><img loading=\"lazy\" width=\"810\" height=\"247\" src=\"https:\/\/leviroismasque.com\/wp-content\/uploads\/2024\/06\/gauchard-site-1.jpg\" alt=\"\" class=\"wp-image-1311\" srcset=\"https:\/\/leviroismasque.com\/wp-content\/uploads\/2024\/06\/gauchard-site-1.jpg 810w, https:\/\/leviroismasque.com\/wp-content\/uploads\/2024\/06\/gauchard-site-1-300x91.jpg 300w, https:\/\/leviroismasque.com\/wp-content\/uploads\/2024\/06\/gauchard-site-1-768x234.jpg 768w\" sizes=\"(max-width: 810px) 100vw, 810px\" \/><\/figure>\n\n\n\n<figure class=\"wp-block-image size-full\"><img loading=\"lazy\" width=\"246\" height=\"48\" src=\"https:\/\/leviroismasque.com\/wp-content\/uploads\/2021\/11\/Espace-blanc-1.jpg\" alt=\"\" class=\"wp-image-264\"\/><\/figure>\n\n\n\n<p>Les autres professions de foi re\u00e7ues sont celles ci:<\/p>\n\n\n\n<div class=\"wp-block-image\"><figure class=\"aligncenter size-full\"><img loading=\"lazy\" width=\"601\" height=\"415\" src=\"https:\/\/leviroismasque.com\/wp-content\/uploads\/2024\/06\/NDA-1.jpg\" alt=\"\" class=\"wp-image-1286\" srcset=\"https:\/\/leviroismasque.com\/wp-content\/uploads\/2024\/06\/NDA-1.jpg 601w, https:\/\/leviroismasque.com\/wp-content\/uploads\/2024\/06\/NDA-1-300x207.jpg 300w\" sizes=\"(max-width: 601px) 100vw, 601px\" \/><\/figure><\/div>\n\n\n\n<div class=\"wp-block-image\"><figure class=\"aligncenter size-full\"><img loading=\"lazy\" width=\"605\" height=\"424\" src=\"https:\/\/leviroismasque.com\/wp-content\/uploads\/2024\/06\/zemmour.jpg\" alt=\"\" class=\"wp-image-1287\" srcset=\"https:\/\/leviroismasque.com\/wp-content\/uploads\/2024\/06\/zemmour.jpg 605w, https:\/\/leviroismasque.com\/wp-content\/uploads\/2024\/06\/zemmour-300x210.jpg 300w\" sizes=\"(max-width: 605px) 100vw, 605px\" \/><\/figure><\/div>\n\n\n\n<p>Ne cherchez pas les candidats, leurs noms ne figurent pas. <strong>Nicolas DUPONT AIGNAN <\/strong>pr\u00e9tend m\u00eame que c&rsquo;est un probl\u00e8me de d\u00e9lai. Comment ont fait les autres ? Mais si vous voulez quitter l&rsquo;Europe, sait on jamais, il est votre homme.<\/p>\n\n\n\n<p>Pour <strong>ZEMMOUR <\/strong>\u00e9videmment, c&rsquo;est d&rsquo;abord \u00ab\u00a0Stop \u00e0 l&rsquo;immigration massive\u00a0\u00bb !<\/p>\n","protected":false},"excerpt":{"rendered":"<p>Les nouveaux prospectus \u00e9lectoraux viennent donc d&rsquo;arriver. La dissolution de l&rsquo;Assembl\u00e9e Nationale a pris tout le monde de court. Donc tout le monde \u00e9tait \u00e0 la m\u00eame enseigne, \u00e0 ceci pr\u00e8s que les grosses \u00e9curies \u00e9taient tout de m\u00eame favoris\u00e9es.. La chose qui frappe en premier est la d\u00e9personnalisation de toutes les candidatures sauf trois [&hellip;]<\/p>\n","protected":false},"author":1,"featured_media":0,"comment_status":"open","ping_status":"open","sticky":false,"template":"","format":"standard","meta":[],"categories":[11,18,12],"tags":[],"yoast_head":"<!-- This site is optimized with the Yoast SEO plugin v19.0 - https:\/\/yoast.com\/wordpress\/plugins\/seo\/ -->\n<title>Revue de professions de foi - Le Virois Masqu\u00e9<\/title>\n<meta name=\"robots\" content=\"index, follow, max-snippet:-1, max-image-preview:large, max-video-preview:-1\" \/>\n<link rel=\"canonical\" href=\"https:\/\/leviroismasque.com\/index.php\/2024\/06\/26\/revue-de-professions-de-foi\/\" \/>\n<meta property=\"og:locale\" content=\"fr_FR\" \/>\n<meta property=\"og:type\" content=\"article\" \/>\n<meta property=\"og:title\" content=\"Revue de professions de foi - Le Virois Masqu\u00e9\" \/>\n<meta property=\"og:description\" content=\"Les nouveaux prospectus \u00e9lectoraux viennent donc d&rsquo;arriver. La dissolution de l&rsquo;Assembl\u00e9e Nationale a pris tout le monde de court. Donc tout le monde \u00e9tait \u00e0 la m\u00eame enseigne, \u00e0 ceci pr\u00e8s que les grosses \u00e9curies \u00e9taient tout de m\u00eame favoris\u00e9es.. La chose qui frappe en premier est la d\u00e9personnalisation de toutes les candidatures sauf trois [&hellip;]\" \/>\n<meta property=\"og:url\" content=\"https:\/\/leviroismasque.com\/index.php\/2024\/06\/26\/revue-de-professions-de-foi\/\" \/>\n<meta property=\"og:site_name\" content=\"Le Virois Masqu\u00e9\" \/>\n<meta property=\"article:publisher\" content=\"https:\/\/www.facebook.com\/Le-virois-masqu-102219125856936\" \/>\n<meta property=\"article:author\" content=\"https:\/\/www.facebook.com\/Le-virois-masqu-102219125856936\" \/>\n<meta property=\"article:published_time\" content=\"2024-06-26T21:43:38+00:00\" \/>\n<meta property=\"article:modified_time\" content=\"2026-03-15T19:32:29+00:00\" \/>\n<meta property=\"og:image\" content=\"https:\/\/leviroismasque.com\/wp-content\/uploads\/2024\/06\/legislatives.jpg\" \/>\n<meta name=\"twitter:card\" content=\"summary_large_image\" \/>\n<meta name=\"twitter:label1\" content=\"\u00c9crit par\" \/>\n\t<meta name=\"twitter:data1\" content=\"admin3115\" \/>\n\t<meta name=\"twitter:label2\" content=\"Dur\u00e9e de lecture estim\u00e9e\" \/>\n\t<meta name=\"twitter:data2\" content=\"9 minutes\" \/>\n<script type=\"application\/ld+json\" class=\"yoast-schema-graph\">{\"@context\":\"https:\/\/schema.org\",\"@graph\":[{\"@type\":\"WebSite\",\"@id\":\"https:\/\/leviroismasque.com\/#website\",\"url\":\"https:\/\/leviroismasque.com\/\",\"name\":\"Le Virois Masqu\u00e9\",\"description\":\"\",\"publisher\":{\"@id\":\"https:\/\/leviroismasque.com\/#\/schema\/person\/c06d8f98253f756bda308e7613607a7e\"},\"potentialAction\":[{\"@type\":\"SearchAction\",\"target\":{\"@type\":\"EntryPoint\",\"urlTemplate\":\"https:\/\/leviroismasque.com\/?s={search_term_string}\"},\"query-input\":\"required name=search_term_string\"}],\"inLanguage\":\"fr-FR\"},{\"@type\":\"ImageObject\",\"inLanguage\":\"fr-FR\",\"@id\":\"https:\/\/leviroismasque.com\/index.php\/2024\/06\/26\/revue-de-professions-de-foi\/#primaryimage\",\"url\":\"https:\/\/leviroismasque.com\/wp-content\/uploads\/2024\/06\/legislatives.jpg\",\"contentUrl\":\"https:\/\/leviroismasque.com\/wp-content\/uploads\/2024\/06\/legislatives.jpg\",\"width\":410,\"height\":360},{\"@type\":\"WebPage\",\"@id\":\"https:\/\/leviroismasque.com\/index.php\/2024\/06\/26\/revue-de-professions-de-foi\/#webpage\",\"url\":\"https:\/\/leviroismasque.com\/index.php\/2024\/06\/26\/revue-de-professions-de-foi\/\",\"name\":\"Revue de professions de foi - Le Virois Masqu\u00e9\",\"isPartOf\":{\"@id\":\"https:\/\/leviroismasque.com\/#website\"},\"primaryImageOfPage\":{\"@id\":\"https:\/\/leviroismasque.com\/index.php\/2024\/06\/26\/revue-de-professions-de-foi\/#primaryimage\"},\"datePublished\":\"2024-06-26T21:43:38+00:00\",\"dateModified\":\"2026-03-15T19:32:29+00:00\",\"breadcrumb\":{\"@id\":\"https:\/\/leviroismasque.com\/index.php\/2024\/06\/26\/revue-de-professions-de-foi\/#breadcrumb\"},\"inLanguage\":\"fr-FR\",\"potentialAction\":[{\"@type\":\"ReadAction\",\"target\":[\"https:\/\/leviroismasque.com\/index.php\/2024\/06\/26\/revue-de-professions-de-foi\/\"]}]},{\"@type\":\"BreadcrumbList\",\"@id\":\"https:\/\/leviroismasque.com\/index.php\/2024\/06\/26\/revue-de-professions-de-foi\/#breadcrumb\",\"itemListElement\":[{\"@type\":\"ListItem\",\"position\":1,\"name\":\"Accueil\",\"item\":\"https:\/\/leviroismasque.com\/\"},{\"@type\":\"ListItem\",\"position\":2,\"name\":\"Revue de professions de foi\"}]},{\"@type\":\"Article\",\"@id\":\"https:\/\/leviroismasque.com\/index.php\/2024\/06\/26\/revue-de-professions-de-foi\/#article\",\"isPartOf\":{\"@id\":\"https:\/\/leviroismasque.com\/index.php\/2024\/06\/26\/revue-de-professions-de-foi\/#webpage\"},\"author\":{\"@id\":\"https:\/\/leviroismasque.com\/#\/schema\/person\/c06d8f98253f756bda308e7613607a7e\"},\"headline\":\"Revue de professions de foi\",\"datePublished\":\"2024-06-26T21:43:38+00:00\",\"dateModified\":\"2026-03-15T19:32:29+00:00\",\"mainEntityOfPage\":{\"@id\":\"https:\/\/leviroismasque.com\/index.php\/2024\/06\/26\/revue-de-professions-de-foi\/#webpage\"},\"wordCount\":1188,\"commentCount\":0,\"publisher\":{\"@id\":\"https:\/\/leviroismasque.com\/#\/schema\/person\/c06d8f98253f756bda308e7613607a7e\"},\"image\":{\"@id\":\"https:\/\/leviroismasque.com\/index.php\/2024\/06\/26\/revue-de-professions-de-foi\/#primaryimage\"},\"thumbnailUrl\":\"https:\/\/leviroismasque.com\/wp-content\/uploads\/2024\/06\/legislatives.jpg\",\"articleSection\":[\"Politique\",\"Politique locale\",\"Ville de Vire\"],\"inLanguage\":\"fr-FR\",\"potentialAction\":[{\"@type\":\"CommentAction\",\"name\":\"Comment\",\"target\":[\"https:\/\/leviroismasque.com\/index.php\/2024\/06\/26\/revue-de-professions-de-foi\/#respond\"]}]},{\"@type\":[\"Person\",\"Organization\"],\"@id\":\"https:\/\/leviroismasque.com\/#\/schema\/person\/c06d8f98253f756bda308e7613607a7e\",\"name\":\"admin3115\",\"image\":{\"@type\":\"ImageObject\",\"inLanguage\":\"fr-FR\",\"@id\":\"https:\/\/leviroismasque.com\/#\/schema\/person\/image\/\",\"url\":\"https:\/\/leviroismasque.ovh\/wp-content\/uploads\/2021\/10\/cropped-lvm.gif\",\"contentUrl\":\"https:\/\/leviroismasque.ovh\/wp-content\/uploads\/2021\/10\/cropped-lvm.gif\",\"width\":512,\"height\":512,\"caption\":\"admin3115\"},\"logo\":{\"@id\":\"https:\/\/leviroismasque.com\/#\/schema\/person\/image\/\"},\"sameAs\":[\"http:\/\/tsamiyu.cluster031.hosting.ovh.net\",\"https:\/\/www.facebook.com\/Le-virois-masqu-102219125856936\"],\"url\":\"https:\/\/leviroismasque.com\/index.php\/author\/admin3115\/\"}]}<\/script>\n<!-- \/ Yoast SEO plugin. -->","yoast_head_json":{"title":"Revue de professions de foi - Le Virois Masqu\u00e9","robots":{"index":"index","follow":"follow","max-snippet":"max-snippet:-1","max-image-preview":"max-image-preview:large","max-video-preview":"max-video-preview:-1"},"canonical":"https:\/\/leviroismasque.com\/index.php\/2024\/06\/26\/revue-de-professions-de-foi\/","og_locale":"fr_FR","og_type":"article","og_title":"Revue de professions de foi - Le Virois Masqu\u00e9","og_description":"Les nouveaux prospectus \u00e9lectoraux viennent donc d&rsquo;arriver. La dissolution de l&rsquo;Assembl\u00e9e Nationale a pris tout le monde de court. Donc tout le monde \u00e9tait \u00e0 la m\u00eame enseigne, \u00e0 ceci pr\u00e8s que les grosses \u00e9curies \u00e9taient tout de m\u00eame favoris\u00e9es.. La chose qui frappe en premier est la d\u00e9personnalisation de toutes les candidatures sauf trois [&hellip;]","og_url":"https:\/\/leviroismasque.com\/index.php\/2024\/06\/26\/revue-de-professions-de-foi\/","og_site_name":"Le Virois Masqu\u00e9","article_publisher":"https:\/\/www.facebook.com\/Le-virois-masqu-102219125856936","article_author":"https:\/\/www.facebook.com\/Le-virois-masqu-102219125856936","article_published_time":"2024-06-26T21:43:38+00:00","article_modified_time":"2026-03-15T19:32:29+00:00","og_image":[{"url":"https:\/\/leviroismasque.com\/wp-content\/uploads\/2024\/06\/legislatives.jpg"}],"twitter_card":"summary_large_image","twitter_misc":{"\u00c9crit par":"admin3115","Dur\u00e9e de lecture estim\u00e9e":"9 minutes"},"schema":{"@context":"https:\/\/schema.org","@graph":[{"@type":"WebSite","@id":"https:\/\/leviroismasque.com\/#website","url":"https:\/\/leviroismasque.com\/","name":"Le Virois Masqu\u00e9","description":"","publisher":{"@id":"https:\/\/leviroismasque.com\/#\/schema\/person\/c06d8f98253f756bda308e7613607a7e"},"potentialAction":[{"@type":"SearchAction","target":{"@type":"EntryPoint","urlTemplate":"https:\/\/leviroismasque.com\/?s={search_term_string}"},"query-input":"required name=search_term_string"}],"inLanguage":"fr-FR"},{"@type":"ImageObject","inLanguage":"fr-FR","@id":"https:\/\/leviroismasque.com\/index.php\/2024\/06\/26\/revue-de-professions-de-foi\/#primaryimage","url":"https:\/\/leviroismasque.com\/wp-content\/uploads\/2024\/06\/legislatives.jpg","contentUrl":"https:\/\/leviroismasque.com\/wp-content\/uploads\/2024\/06\/legislatives.jpg","width":410,"height":360},{"@type":"WebPage","@id":"https:\/\/leviroismasque.com\/index.php\/2024\/06\/26\/revue-de-professions-de-foi\/#webpage","url":"https:\/\/leviroismasque.com\/index.php\/2024\/06\/26\/revue-de-professions-de-foi\/","name":"Revue de professions de foi - Le Virois Masqu\u00e9","isPartOf":{"@id":"https:\/\/leviroismasque.com\/#website"},"primaryImageOfPage":{"@id":"https:\/\/leviroismasque.com\/index.php\/2024\/06\/26\/revue-de-professions-de-foi\/#primaryimage"},"datePublished":"2024-06-26T21:43:38+00:00","dateModified":"2026-03-15T19:32:29+00:00","breadcrumb":{"@id":"https:\/\/leviroismasque.com\/index.php\/2024\/06\/26\/revue-de-professions-de-foi\/#breadcrumb"},"inLanguage":"fr-FR","potentialAction":[{"@type":"ReadAction","target":["https:\/\/leviroismasque.com\/index.php\/2024\/06\/26\/revue-de-professions-de-foi\/"]}]},{"@type":"BreadcrumbList","@id":"https:\/\/leviroismasque.com\/index.php\/2024\/06\/26\/revue-de-professions-de-foi\/#breadcrumb","itemListElement":[{"@type":"ListItem","position":1,"name":"Accueil","item":"https:\/\/leviroismasque.com\/"},{"@type":"ListItem","position":2,"name":"Revue de professions de foi"}]},{"@type":"Article","@id":"https:\/\/leviroismasque.com\/index.php\/2024\/06\/26\/revue-de-professions-de-foi\/#article","isPartOf":{"@id":"https:\/\/leviroismasque.com\/index.php\/2024\/06\/26\/revue-de-professions-de-foi\/#webpage"},"author":{"@id":"https:\/\/leviroismasque.com\/#\/schema\/person\/c06d8f98253f756bda308e7613607a7e"},"headline":"Revue de professions de foi","datePublished":"2024-06-26T21:43:38+00:00","dateModified":"2026-03-15T19:32:29+00:00","mainEntityOfPage":{"@id":"https:\/\/leviroismasque.com\/index.php\/2024\/06\/26\/revue-de-professions-de-foi\/#webpage"},"wordCount":1188,"commentCount":0,"publisher":{"@id":"https:\/\/leviroismasque.com\/#\/schema\/person\/c06d8f98253f756bda308e7613607a7e"},"image":{"@id":"https:\/\/leviroismasque.com\/index.php\/2024\/06\/26\/revue-de-professions-de-foi\/#primaryimage"},"thumbnailUrl":"https:\/\/leviroismasque.com\/wp-content\/uploads\/2024\/06\/legislatives.jpg","articleSection":["Politique","Politique locale","Ville de Vire"],"inLanguage":"fr-FR","potentialAction":[{"@type":"CommentAction","name":"Comment","target":["https:\/\/leviroismasque.com\/index.php\/2024\/06\/26\/revue-de-professions-de-foi\/#respond"]}]},{"@type":["Person","Organization"],"@id":"https:\/\/leviroismasque.com\/#\/schema\/person\/c06d8f98253f756bda308e7613607a7e","name":"admin3115","image":{"@type":"ImageObject","inLanguage":"fr-FR","@id":"https:\/\/leviroismasque.com\/#\/schema\/person\/image\/","url":"https:\/\/leviroismasque.ovh\/wp-content\/uploads\/2021\/10\/cropped-lvm.gif","contentUrl":"https:\/\/leviroismasque.ovh\/wp-content\/uploads\/2021\/10\/cropped-lvm.gif","width":512,"height":512,"caption":"admin3115"},"logo":{"@id":"https:\/\/leviroismasque.com\/#\/schema\/person\/image\/"},"sameAs":["http:\/\/tsamiyu.cluster031.hosting.ovh.net","https:\/\/www.facebook.com\/Le-virois-masqu-102219125856936"],"url":"https:\/\/leviroismasque.com\/index.php\/author\/admin3115\/"}]}},"_links":{"self":[{"href":"https:\/\/leviroismasque.com\/index.php\/wp-json\/wp\/v2\/posts\/1271"}],"collection":[{"href":"https:\/\/leviroismasque.com\/index.php\/wp-json\/wp\/v2\/posts"}],"about":[{"href":"https:\/\/leviroismasque.com\/index.php\/wp-json\/wp\/v2\/types\/post"}],"author":[{"embeddable":true,"href":"https:\/\/leviroismasque.com\/index.php\/wp-json\/wp\/v2\/users\/1"}],"replies":[{"embeddable":true,"href":"https:\/\/leviroismasque.com\/index.php\/wp-json\/wp\/v2\/comments?post=1271"}],"version-history":[{"count":15,"href":"https:\/\/leviroismasque.com\/index.php\/wp-json\/wp\/v2\/posts\/1271\/revisions"}],"predecessor-version":[{"id":2209,"href":"https:\/\/leviroismasque.com\/index.php\/wp-json\/wp\/v2\/posts\/1271\/revisions\/2209"}],"wp:attachment":[{"href":"https:\/\/leviroismasque.com\/index.php\/wp-json\/wp\/v2\/media?parent=1271"}],"wp:term":[{"taxonomy":"category","embeddable":true,"href":"https:\/\/leviroismasque.com\/index.php\/wp-json\/wp\/v2\/categories?post=1271"},{"taxonomy":"post_tag","embeddable":true,"href":"https:\/\/leviroismasque.com\/index.php\/wp-json\/wp\/v2\/tags?post=1271"}],"curies":[{"name":"wp","href":"https:\/\/api.w.org\/{rel}","templated":true}]}}