{"id":1579,"date":"2025-02-26T20:52:00","date_gmt":"2025-02-26T19:52:00","guid":{"rendered":"https:\/\/leviroismasque.com\/?p=1579"},"modified":"2026-03-15T17:31:38","modified_gmt":"2026-03-15T16:31:38","slug":"meme-vladimir-poutine-na-pas-ose","status":"publish","type":"post","link":"https:\/\/leviroismasque.com\/index.php\/2025\/02\/26\/meme-vladimir-poutine-na-pas-ose\/","title":{"rendered":"M\u00eame Vladimir Poutine n&rsquo;a pas os\u00e9&#8230;"},"content":{"rendered":"\n<p>Oui, m\u00eame Vladimir POUTINE n&rsquo;a pas os\u00e9 donner son propre nom \u00e0 un b\u00e2timent dans son propre pays. Cherchez dans google. On a plein d&rsquo;autres reproches \u00e0 lui faire (et bien plus graves) mais pas celui ci.<\/p>\n\n\n\n<p>D&rsquo;ailleurs, connaissez vous un autre exemple ?<\/p>\n\n\n\n<p>D&rsquo;aucuns diront que ce n&rsquo;est pas lui qui l&rsquo;a propos\u00e9. Nous l&rsquo;esp\u00e9rons. Mais il n&rsquo;a pas eu le minimum d&rsquo;once de modestie de refuser !<\/p>\n\n\n\n<p><\/p>\n\n\n\n<div class=\"wp-block-image\"><figure class=\"aligncenter size-full\"><img loading=\"lazy\" width=\"810\" height=\"657\" src=\"https:\/\/leviroismasque.com\/wp-content\/uploads\/2025\/02\/maloisel.jpg\" alt=\"\" class=\"wp-image-1580\" srcset=\"https:\/\/leviroismasque.com\/wp-content\/uploads\/2025\/02\/maloisel.jpg 810w, https:\/\/leviroismasque.com\/wp-content\/uploads\/2025\/02\/maloisel-300x243.jpg 300w, https:\/\/leviroismasque.com\/wp-content\/uploads\/2025\/02\/maloisel-768x623.jpg 768w\" sizes=\"(max-width: 810px) 100vw, 810px\" \/><\/figure><\/div>\n\n\n\n<p>A quand une statue \u00e0 l&rsquo;entr\u00e9e de la salle ?<\/p>\n\n\n\n<div class=\"wp-block-image\"><figure class=\"aligncenter size-full\"><img loading=\"lazy\" width=\"810\" height=\"449\" src=\"https:\/\/leviroismasque.com\/wp-content\/uploads\/2025\/02\/maloisel2.jpg\" alt=\"\" class=\"wp-image-1582\" srcset=\"https:\/\/leviroismasque.com\/wp-content\/uploads\/2025\/02\/maloisel2.jpg 810w, https:\/\/leviroismasque.com\/wp-content\/uploads\/2025\/02\/maloisel2-300x166.jpg 300w, https:\/\/leviroismasque.com\/wp-content\/uploads\/2025\/02\/maloisel2-768x426.jpg 768w\" sizes=\"(max-width: 810px) 100vw, 810px\" \/><\/figure><\/div>\n\n\n\n<figure class=\"wp-block-image size-full\"><img loading=\"lazy\" width=\"246\" height=\"48\" src=\"https:\/\/leviroismasque.com\/wp-content\/uploads\/2021\/11\/Espace-blanc-1.jpg\" alt=\"\" class=\"wp-image-264\"\/><\/figure>\n\n\n\n<p><\/p>\n\n\n\n<h5> <strong>Edit du vendredi 28 f\u00e9vrier<\/strong>  :<\/h5>\n\n\n\n<p>Un sp\u00e9cialiste de l&rsquo;IA que nous remercions, a pos\u00e9 cette question \u00e0 ChatGPT: \u00ab\u00a0Connaissez-vous des exemples similaires de maires ou de personnalit\u00e9s qui donnent de leur vivant leur nom \u00e0 un \u00e9difice ?\u00a0\u00bb<\/p>\n\n\n\n<p>La r\u00e9ponse est \u00e9difiante:<\/p>\n\n\n\n<p>En France, il est g\u00e9n\u00e9ralement d&rsquo;usage de n&rsquo;attribuer le nom d&rsquo;une personnalit\u00e9 \u00e0 une rue ou \u00e0 un \u00e9difice public qu&rsquo;apr\u00e8s son d\u00e9c\u00e8s. Cette pratique vise \u00e0 \u00e9viter toute controverse li\u00e9e aux actions futures de la personne honor\u00e9e. Par exemple, une d\u00e9lib\u00e9ration du Conseil de Paris de 1938 stipulait que le nom d&rsquo;une personne ne pouvait \u00eatre attribu\u00e9 \u00e0 une rue que si elle \u00e9tait d\u00e9c\u00e9d\u00e9e depuis au moins cinq ans .\u200b<\/p>\n\n\n\n<p>Cependant, des exceptions existent. Certaines personnalit\u00e9s ont vu des lieux publics porter leur nom de leur vivant. Par exemple, Victor HUGO a eu une avenue \u00e0 son nom \u00e0 Paris alors qu&rsquo;il \u00e9tait encore en vie. Plus r\u00e9cemment, des \u00e9tablissements scolaires ont \u00e9t\u00e9 nomm\u00e9s en l&rsquo;honneur de personnalit\u00e9s vivantes, comme Marl\u00e8ne JOBERT \u00e0 \u00c9pinay-sur-Seine, Simone VEIL \u00e0 Asni\u00e8res-sur-Seine et Mandres-les-Roses, ou Fran\u00e7oise HERITIER \u00e0 Montreuil .\u200b<\/p>\n\n\n\n<p>Ces exceptions restent rares et sont souvent le fruit de d\u00e9cisions municipales sp\u00e9cifiques, refl\u00e9tant une volont\u00e9 d&rsquo;honorer des contributions exceptionnelles de personnalit\u00e9s contemporaines.<\/p>\n\n\n\n<p>Un maire qui donne son propre nom \u00e0 un \u00e9difice public est une d\u00e9marche encore plus inhabituelle et souvent per\u00e7ue comme une manifestation d\u2019ego ou de culte de la personnalit\u00e9.<\/p>\n\n\n\n<h5>Exemples similaires :<\/h5>\n\n\n\n<ol><li><strong>Jean-Pierre Philibert (Saint-Pierre, La R\u00e9union)<\/strong><ul><li>En 2013, le maire de Saint-Pierre aurait donn\u00e9 son nom \u00e0 un centre sportif. La d\u00e9cision avait suscit\u00e9 des critiques.<\/li><\/ul><\/li><li><strong>Rafael Correa (\u00c9quateur)<\/strong><ul><li>L\u2019ancien pr\u00e9sident \u00e9quatorien a renomm\u00e9 plusieurs infrastructures apr\u00e8s lui-m\u00eame ou ses proches durant son mandat.<\/li><\/ul><\/li><li><strong>Saparmurat Niazov (Turkm\u00e9nistan)<\/strong><ul><li>L\u2019un des cas les plus extr\u00eames : Niazov, ancien dictateur du Turkm\u00e9nistan, a renomm\u00e9 des villes, des institutions et m\u00eame des mois de l\u2019ann\u00e9e en son honneur.<\/li><\/ul><\/li><li><strong>Robert M\u00e9nard (B\u00e9ziers, France)<\/strong><ul><li>S\u2019il ne s\u2019est pas attribu\u00e9 un b\u00e2timent, il a tout de m\u00eame command\u00e9 une fresque avec son propre portrait sur un mur de la ville.<\/li><\/ul><\/li><li><strong>D\u2019autres maires en Afrique et en Asie<\/strong><ul><li>Certains dirigeants locaux ont parfois utilis\u00e9 des fonds publics pour nommer des rues ou des places \u00e0 leur propre nom de leur vivant, notamment dans des r\u00e9gimes autoritaires.<\/li><\/ul><\/li><\/ol>\n\n\n\n<h5>Pourquoi est-ce controvers\u00e9 ?<\/h5>\n\n\n\n<ul><li>Cela va \u00e0 l\u2019encontre des r\u00e8gles de neutralit\u00e9 et de reconnaissance posthume.<\/li><li>Cela donne une impression de m\u00e9galomanie.<\/li><li>Cela peut \u00eatre mal per\u00e7u par les habitants, qui consid\u00e8rent souvent ces infrastructures comme des biens communs, et non comme des outils de promotion personnelle.<\/li><\/ul>\n\n\n\n<p>Cette pratique reste marginale dans les d\u00e9mocraties occidentales, mais elle est plus fr\u00e9quente dans les r\u00e9gimes autoritaires ou dans des municipalit\u00e9s o\u00f9 l\u2019\u00e9dile d\u00e9tient un pouvoir fort et durable.<\/p>\n","protected":false},"excerpt":{"rendered":"<p>Oui, m\u00eame Vladimir POUTINE n&rsquo;a pas os\u00e9 donner son propre nom \u00e0 un b\u00e2timent dans son propre pays. Cherchez dans google. On a plein d&rsquo;autres reproches \u00e0 lui faire (et bien plus graves) mais pas celui ci. D&rsquo;ailleurs, connaissez vous un autre exemple ? D&rsquo;aucuns diront que ce n&rsquo;est pas lui qui l&rsquo;a propos\u00e9. Nous [&hellip;]<\/p>\n","protected":false},"author":1,"featured_media":0,"comment_status":"open","ping_status":"open","sticky":false,"template":"","format":"standard","meta":[],"categories":[20,18,12],"tags":[],"yoast_head":"<!-- This site is optimized with the Yoast SEO plugin v19.0 - https:\/\/yoast.com\/wordpress\/plugins\/seo\/ -->\n<title>M\u00eame Vladimir Poutine n&#039;a pas os\u00e9... - Le Virois Masqu\u00e9<\/title>\n<meta name=\"robots\" content=\"index, follow, max-snippet:-1, max-image-preview:large, max-video-preview:-1\" \/>\n<link rel=\"canonical\" href=\"https:\/\/leviroismasque.com\/index.php\/2025\/02\/26\/meme-vladimir-poutine-na-pas-ose\/\" \/>\n<meta property=\"og:locale\" content=\"fr_FR\" \/>\n<meta property=\"og:type\" content=\"article\" \/>\n<meta property=\"og:title\" content=\"M\u00eame Vladimir Poutine n&#039;a pas os\u00e9... - Le Virois Masqu\u00e9\" \/>\n<meta property=\"og:description\" content=\"Oui, m\u00eame Vladimir POUTINE n&rsquo;a pas os\u00e9 donner son propre nom \u00e0 un b\u00e2timent dans son propre pays. Cherchez dans google. On a plein d&rsquo;autres reproches \u00e0 lui faire (et bien plus graves) mais pas celui ci. D&rsquo;ailleurs, connaissez vous un autre exemple ? D&rsquo;aucuns diront que ce n&rsquo;est pas lui qui l&rsquo;a propos\u00e9. Nous [&hellip;]\" \/>\n<meta property=\"og:url\" content=\"https:\/\/leviroismasque.com\/index.php\/2025\/02\/26\/meme-vladimir-poutine-na-pas-ose\/\" \/>\n<meta property=\"og:site_name\" content=\"Le Virois Masqu\u00e9\" \/>\n<meta property=\"article:publisher\" content=\"https:\/\/www.facebook.com\/Le-virois-masqu-102219125856936\" \/>\n<meta property=\"article:author\" content=\"https:\/\/www.facebook.com\/Le-virois-masqu-102219125856936\" \/>\n<meta property=\"article:published_time\" content=\"2025-02-26T19:52:00+00:00\" \/>\n<meta property=\"article:modified_time\" content=\"2026-03-15T16:31:38+00:00\" \/>\n<meta property=\"og:image\" content=\"https:\/\/leviroismasque.com\/wp-content\/uploads\/2025\/02\/maloisel.jpg\" \/>\n<meta name=\"twitter:card\" content=\"summary_large_image\" \/>\n<meta name=\"twitter:label1\" content=\"\u00c9crit par\" \/>\n\t<meta name=\"twitter:data1\" content=\"admin3115\" \/>\n\t<meta name=\"twitter:label2\" content=\"Dur\u00e9e de lecture estim\u00e9e\" \/>\n\t<meta name=\"twitter:data2\" content=\"4 minutes\" \/>\n<script type=\"application\/ld+json\" class=\"yoast-schema-graph\">{\"@context\":\"https:\/\/schema.org\",\"@graph\":[{\"@type\":\"WebSite\",\"@id\":\"https:\/\/leviroismasque.com\/#website\",\"url\":\"https:\/\/leviroismasque.com\/\",\"name\":\"Le Virois Masqu\u00e9\",\"description\":\"\",\"publisher\":{\"@id\":\"https:\/\/leviroismasque.com\/#\/schema\/person\/c06d8f98253f756bda308e7613607a7e\"},\"potentialAction\":[{\"@type\":\"SearchAction\",\"target\":{\"@type\":\"EntryPoint\",\"urlTemplate\":\"https:\/\/leviroismasque.com\/?s={search_term_string}\"},\"query-input\":\"required name=search_term_string\"}],\"inLanguage\":\"fr-FR\"},{\"@type\":\"ImageObject\",\"inLanguage\":\"fr-FR\",\"@id\":\"https:\/\/leviroismasque.com\/index.php\/2025\/02\/26\/meme-vladimir-poutine-na-pas-ose\/#primaryimage\",\"url\":\"https:\/\/leviroismasque.com\/wp-content\/uploads\/2025\/02\/maloisel.jpg\",\"contentUrl\":\"https:\/\/leviroismasque.com\/wp-content\/uploads\/2025\/02\/maloisel.jpg\",\"width\":810,\"height\":657},{\"@type\":\"WebPage\",\"@id\":\"https:\/\/leviroismasque.com\/index.php\/2025\/02\/26\/meme-vladimir-poutine-na-pas-ose\/#webpage\",\"url\":\"https:\/\/leviroismasque.com\/index.php\/2025\/02\/26\/meme-vladimir-poutine-na-pas-ose\/\",\"name\":\"M\u00eame Vladimir Poutine n'a pas os\u00e9... - Le Virois Masqu\u00e9\",\"isPartOf\":{\"@id\":\"https:\/\/leviroismasque.com\/#website\"},\"primaryImageOfPage\":{\"@id\":\"https:\/\/leviroismasque.com\/index.php\/2025\/02\/26\/meme-vladimir-poutine-na-pas-ose\/#primaryimage\"},\"datePublished\":\"2025-02-26T19:52:00+00:00\",\"dateModified\":\"2026-03-15T16:31:38+00:00\",\"breadcrumb\":{\"@id\":\"https:\/\/leviroismasque.com\/index.php\/2025\/02\/26\/meme-vladimir-poutine-na-pas-ose\/#breadcrumb\"},\"inLanguage\":\"fr-FR\",\"potentialAction\":[{\"@type\":\"ReadAction\",\"target\":[\"https:\/\/leviroismasque.com\/index.php\/2025\/02\/26\/meme-vladimir-poutine-na-pas-ose\/\"]}]},{\"@type\":\"BreadcrumbList\",\"@id\":\"https:\/\/leviroismasque.com\/index.php\/2025\/02\/26\/meme-vladimir-poutine-na-pas-ose\/#breadcrumb\",\"itemListElement\":[{\"@type\":\"ListItem\",\"position\":1,\"name\":\"Accueil\",\"item\":\"https:\/\/leviroismasque.com\/\"},{\"@type\":\"ListItem\",\"position\":2,\"name\":\"M\u00eame Vladimir Poutine n&rsquo;a pas os\u00e9&#8230;\"}]},{\"@type\":\"Article\",\"@id\":\"https:\/\/leviroismasque.com\/index.php\/2025\/02\/26\/meme-vladimir-poutine-na-pas-ose\/#article\",\"isPartOf\":{\"@id\":\"https:\/\/leviroismasque.com\/index.php\/2025\/02\/26\/meme-vladimir-poutine-na-pas-ose\/#webpage\"},\"author\":{\"@id\":\"https:\/\/leviroismasque.com\/#\/schema\/person\/c06d8f98253f756bda308e7613607a7e\"},\"headline\":\"M\u00eame Vladimir Poutine n&rsquo;a pas os\u00e9&#8230;\",\"datePublished\":\"2025-02-26T19:52:00+00:00\",\"dateModified\":\"2026-03-15T16:31:38+00:00\",\"mainEntityOfPage\":{\"@id\":\"https:\/\/leviroismasque.com\/index.php\/2025\/02\/26\/meme-vladimir-poutine-na-pas-ose\/#webpage\"},\"wordCount\":570,\"commentCount\":1,\"publisher\":{\"@id\":\"https:\/\/leviroismasque.com\/#\/schema\/person\/c06d8f98253f756bda308e7613607a7e\"},\"image\":{\"@id\":\"https:\/\/leviroismasque.com\/index.php\/2025\/02\/26\/meme-vladimir-poutine-na-pas-ose\/#primaryimage\"},\"thumbnailUrl\":\"https:\/\/leviroismasque.com\/wp-content\/uploads\/2025\/02\/maloisel.jpg\",\"articleSection\":[\"Humour\",\"Politique locale\",\"Ville de Vire\"],\"inLanguage\":\"fr-FR\",\"potentialAction\":[{\"@type\":\"CommentAction\",\"name\":\"Comment\",\"target\":[\"https:\/\/leviroismasque.com\/index.php\/2025\/02\/26\/meme-vladimir-poutine-na-pas-ose\/#respond\"]}]},{\"@type\":[\"Person\",\"Organization\"],\"@id\":\"https:\/\/leviroismasque.com\/#\/schema\/person\/c06d8f98253f756bda308e7613607a7e\",\"name\":\"admin3115\",\"image\":{\"@type\":\"ImageObject\",\"inLanguage\":\"fr-FR\",\"@id\":\"https:\/\/leviroismasque.com\/#\/schema\/person\/image\/\",\"url\":\"https:\/\/leviroismasque.ovh\/wp-content\/uploads\/2021\/10\/cropped-lvm.gif\",\"contentUrl\":\"https:\/\/leviroismasque.ovh\/wp-content\/uploads\/2021\/10\/cropped-lvm.gif\",\"width\":512,\"height\":512,\"caption\":\"admin3115\"},\"logo\":{\"@id\":\"https:\/\/leviroismasque.com\/#\/schema\/person\/image\/\"},\"sameAs\":[\"http:\/\/tsamiyu.cluster031.hosting.ovh.net\",\"https:\/\/www.facebook.com\/Le-virois-masqu-102219125856936\"],\"url\":\"https:\/\/leviroismasque.com\/index.php\/author\/admin3115\/\"}]}<\/script>\n<!-- \/ Yoast SEO plugin. -->","yoast_head_json":{"title":"M\u00eame Vladimir Poutine n'a pas os\u00e9... - Le Virois Masqu\u00e9","robots":{"index":"index","follow":"follow","max-snippet":"max-snippet:-1","max-image-preview":"max-image-preview:large","max-video-preview":"max-video-preview:-1"},"canonical":"https:\/\/leviroismasque.com\/index.php\/2025\/02\/26\/meme-vladimir-poutine-na-pas-ose\/","og_locale":"fr_FR","og_type":"article","og_title":"M\u00eame Vladimir Poutine n'a pas os\u00e9... - Le Virois Masqu\u00e9","og_description":"Oui, m\u00eame Vladimir POUTINE n&rsquo;a pas os\u00e9 donner son propre nom \u00e0 un b\u00e2timent dans son propre pays. Cherchez dans google. On a plein d&rsquo;autres reproches \u00e0 lui faire (et bien plus graves) mais pas celui ci. D&rsquo;ailleurs, connaissez vous un autre exemple ? D&rsquo;aucuns diront que ce n&rsquo;est pas lui qui l&rsquo;a propos\u00e9. Nous [&hellip;]","og_url":"https:\/\/leviroismasque.com\/index.php\/2025\/02\/26\/meme-vladimir-poutine-na-pas-ose\/","og_site_name":"Le Virois Masqu\u00e9","article_publisher":"https:\/\/www.facebook.com\/Le-virois-masqu-102219125856936","article_author":"https:\/\/www.facebook.com\/Le-virois-masqu-102219125856936","article_published_time":"2025-02-26T19:52:00+00:00","article_modified_time":"2026-03-15T16:31:38+00:00","og_image":[{"url":"https:\/\/leviroismasque.com\/wp-content\/uploads\/2025\/02\/maloisel.jpg"}],"twitter_card":"summary_large_image","twitter_misc":{"\u00c9crit par":"admin3115","Dur\u00e9e de lecture estim\u00e9e":"4 minutes"},"schema":{"@context":"https:\/\/schema.org","@graph":[{"@type":"WebSite","@id":"https:\/\/leviroismasque.com\/#website","url":"https:\/\/leviroismasque.com\/","name":"Le Virois Masqu\u00e9","description":"","publisher":{"@id":"https:\/\/leviroismasque.com\/#\/schema\/person\/c06d8f98253f756bda308e7613607a7e"},"potentialAction":[{"@type":"SearchAction","target":{"@type":"EntryPoint","urlTemplate":"https:\/\/leviroismasque.com\/?s={search_term_string}"},"query-input":"required name=search_term_string"}],"inLanguage":"fr-FR"},{"@type":"ImageObject","inLanguage":"fr-FR","@id":"https:\/\/leviroismasque.com\/index.php\/2025\/02\/26\/meme-vladimir-poutine-na-pas-ose\/#primaryimage","url":"https:\/\/leviroismasque.com\/wp-content\/uploads\/2025\/02\/maloisel.jpg","contentUrl":"https:\/\/leviroismasque.com\/wp-content\/uploads\/2025\/02\/maloisel.jpg","width":810,"height":657},{"@type":"WebPage","@id":"https:\/\/leviroismasque.com\/index.php\/2025\/02\/26\/meme-vladimir-poutine-na-pas-ose\/#webpage","url":"https:\/\/leviroismasque.com\/index.php\/2025\/02\/26\/meme-vladimir-poutine-na-pas-ose\/","name":"M\u00eame Vladimir Poutine n'a pas os\u00e9... - Le Virois Masqu\u00e9","isPartOf":{"@id":"https:\/\/leviroismasque.com\/#website"},"primaryImageOfPage":{"@id":"https:\/\/leviroismasque.com\/index.php\/2025\/02\/26\/meme-vladimir-poutine-na-pas-ose\/#primaryimage"},"datePublished":"2025-02-26T19:52:00+00:00","dateModified":"2026-03-15T16:31:38+00:00","breadcrumb":{"@id":"https:\/\/leviroismasque.com\/index.php\/2025\/02\/26\/meme-vladimir-poutine-na-pas-ose\/#breadcrumb"},"inLanguage":"fr-FR","potentialAction":[{"@type":"ReadAction","target":["https:\/\/leviroismasque.com\/index.php\/2025\/02\/26\/meme-vladimir-poutine-na-pas-ose\/"]}]},{"@type":"BreadcrumbList","@id":"https:\/\/leviroismasque.com\/index.php\/2025\/02\/26\/meme-vladimir-poutine-na-pas-ose\/#breadcrumb","itemListElement":[{"@type":"ListItem","position":1,"name":"Accueil","item":"https:\/\/leviroismasque.com\/"},{"@type":"ListItem","position":2,"name":"M\u00eame Vladimir Poutine n&rsquo;a pas os\u00e9&#8230;"}]},{"@type":"Article","@id":"https:\/\/leviroismasque.com\/index.php\/2025\/02\/26\/meme-vladimir-poutine-na-pas-ose\/#article","isPartOf":{"@id":"https:\/\/leviroismasque.com\/index.php\/2025\/02\/26\/meme-vladimir-poutine-na-pas-ose\/#webpage"},"author":{"@id":"https:\/\/leviroismasque.com\/#\/schema\/person\/c06d8f98253f756bda308e7613607a7e"},"headline":"M\u00eame Vladimir Poutine n&rsquo;a pas os\u00e9&#8230;","datePublished":"2025-02-26T19:52:00+00:00","dateModified":"2026-03-15T16:31:38+00:00","mainEntityOfPage":{"@id":"https:\/\/leviroismasque.com\/index.php\/2025\/02\/26\/meme-vladimir-poutine-na-pas-ose\/#webpage"},"wordCount":570,"commentCount":1,"publisher":{"@id":"https:\/\/leviroismasque.com\/#\/schema\/person\/c06d8f98253f756bda308e7613607a7e"},"image":{"@id":"https:\/\/leviroismasque.com\/index.php\/2025\/02\/26\/meme-vladimir-poutine-na-pas-ose\/#primaryimage"},"thumbnailUrl":"https:\/\/leviroismasque.com\/wp-content\/uploads\/2025\/02\/maloisel.jpg","articleSection":["Humour","Politique locale","Ville de Vire"],"inLanguage":"fr-FR","potentialAction":[{"@type":"CommentAction","name":"Comment","target":["https:\/\/leviroismasque.com\/index.php\/2025\/02\/26\/meme-vladimir-poutine-na-pas-ose\/#respond"]}]},{"@type":["Person","Organization"],"@id":"https:\/\/leviroismasque.com\/#\/schema\/person\/c06d8f98253f756bda308e7613607a7e","name":"admin3115","image":{"@type":"ImageObject","inLanguage":"fr-FR","@id":"https:\/\/leviroismasque.com\/#\/schema\/person\/image\/","url":"https:\/\/leviroismasque.ovh\/wp-content\/uploads\/2021\/10\/cropped-lvm.gif","contentUrl":"https:\/\/leviroismasque.ovh\/wp-content\/uploads\/2021\/10\/cropped-lvm.gif","width":512,"height":512,"caption":"admin3115"},"logo":{"@id":"https:\/\/leviroismasque.com\/#\/schema\/person\/image\/"},"sameAs":["http:\/\/tsamiyu.cluster031.hosting.ovh.net","https:\/\/www.facebook.com\/Le-virois-masqu-102219125856936"],"url":"https:\/\/leviroismasque.com\/index.php\/author\/admin3115\/"}]}},"_links":{"self":[{"href":"https:\/\/leviroismasque.com\/index.php\/wp-json\/wp\/v2\/posts\/1579"}],"collection":[{"href":"https:\/\/leviroismasque.com\/index.php\/wp-json\/wp\/v2\/posts"}],"about":[{"href":"https:\/\/leviroismasque.com\/index.php\/wp-json\/wp\/v2\/types\/post"}],"author":[{"embeddable":true,"href":"https:\/\/leviroismasque.com\/index.php\/wp-json\/wp\/v2\/users\/1"}],"replies":[{"embeddable":true,"href":"https:\/\/leviroismasque.com\/index.php\/wp-json\/wp\/v2\/comments?post=1579"}],"version-history":[{"count":4,"href":"https:\/\/leviroismasque.com\/index.php\/wp-json\/wp\/v2\/posts\/1579\/revisions"}],"predecessor-version":[{"id":2176,"href":"https:\/\/leviroismasque.com\/index.php\/wp-json\/wp\/v2\/posts\/1579\/revisions\/2176"}],"wp:attachment":[{"href":"https:\/\/leviroismasque.com\/index.php\/wp-json\/wp\/v2\/media?parent=1579"}],"wp:term":[{"taxonomy":"category","embeddable":true,"href":"https:\/\/leviroismasque.com\/index.php\/wp-json\/wp\/v2\/categories?post=1579"},{"taxonomy":"post_tag","embeddable":true,"href":"https:\/\/leviroismasque.com\/index.php\/wp-json\/wp\/v2\/tags?post=1579"}],"curies":[{"name":"wp","href":"https:\/\/api.w.org\/{rel}","templated":true}]}}