{"id":1734,"date":"2025-08-18T22:38:14","date_gmt":"2025-08-18T20:38:14","guid":{"rendered":"https:\/\/leviroismasque.com\/?p=1734"},"modified":"2025-08-19T10:31:42","modified_gmt":"2025-08-19T08:31:42","slug":"reflexion-sur-largumentaire-bis","status":"publish","type":"post","link":"https:\/\/leviroismasque.com\/index.php\/2025\/08\/18\/reflexion-sur-largumentaire-bis\/","title":{"rendered":"R\u00e9flexion sur l&rsquo;argumentaire (bis)"},"content":{"rendered":"\n<p>Dans un r\u00e9cent billet, du 22 juillet, je parlais de ma r\u00e9ticence \u00e0 utiliser les p\u00e9titions pour unique argument pour montrer la volont\u00e9 du peuple. Ici, nous avions 2 millions de signataires. Rappelons que 46 millions de Fran\u00e7ais sont inscrits sur les listes \u00e9lectorales.<\/p>\n\n\n\n<p>Comme \u00e9l\u00e9ment de comparaison, je vous invite \u00e0 lire un ancien billet \u00e9crit en janvier 2022 (sur ce m\u00eame blog).<\/p>\n\n\n\n<p><\/p>\n\n\n\n<p><\/p>\n\n\n\n<p>Il relatait un \u00e9v\u00e8nement dramatique arriv\u00e9 en 1902. Le Petit Journal (un des journaux les plus populaires de l&rsquo;\u00e9poque), \u00e0 la suite d&rsquo;une condamnation avait effectu\u00e9 un sondage sur la peine de mort. Il avait re\u00e7u 1.500.000 r\u00e9ponses et  74%  (soit 1,1 millions) avaient r\u00e9pondu y \u00eatre favorables. <\/p>\n\n\n\n<p><\/p>\n\n\n\n<div class=\"wp-block-image\"><figure class=\"aligncenter size-full\"><img loading=\"lazy\" width=\"600\" height=\"400\" src=\"https:\/\/leviroismasque.com\/wp-content\/uploads\/2022\/01\/peine-de-mort2.jpg\" alt=\"\" class=\"wp-image-310\" srcset=\"https:\/\/leviroismasque.com\/wp-content\/uploads\/2022\/01\/peine-de-mort2.jpg 600w, https:\/\/leviroismasque.com\/wp-content\/uploads\/2022\/01\/peine-de-mort2-300x200.jpg 300w\" sizes=\"(max-width: 600px) 100vw, 600px\" \/><\/figure><\/div>\n\n\n\n<p><\/p>\n\n\n\n<p><\/p>\n\n\n\n<p><\/p>\n\n\n\n<p>Et pour continuer la comparaison, les \u00e9lections l\u00e9gislatives de cette m\u00eame ann\u00e9e avaient alors concern\u00e9 11 millions d&rsquo;\u00e9lecteurs (rappelons-nous tout de m\u00eame que seuls les hommes de plus de 21 ans pouvait voter).<\/p>\n\n\n\n<p>Mais posons nous la question: si un tel drame arrivait \u00e0 nouveau, ne risquerions nous pas un tel argumentaire ?<\/p>\n\n\n\n<figure class=\"wp-block-embed is-type-wp-embed is-provider-le-virois-masque wp-block-embed-le-virois-masque\"><div class=\"wp-block-embed__wrapper\">\n<blockquote class=\"wp-embedded-content\" data-secret=\"PDn9X4R9MA\"><a href=\"https:\/\/leviroismasque.com\/index.php\/2022\/01\/20\/quand-une-carte-postale-raconte-une-histoire\/\">Quand une carte postale raconte une histoire<\/a><\/blockquote><iframe class=\"wp-embedded-content\" sandbox=\"allow-scripts\" security=\"restricted\" style=\"position: absolute; clip: rect(1px, 1px, 1px, 1px);\" title=\"\u00ab\u00a0Quand une carte postale raconte une histoire\u00a0\u00bb &#8212; Le Virois Masqu\u00e9\" src=\"https:\/\/leviroismasque.com\/index.php\/2022\/01\/20\/quand-une-carte-postale-raconte-une-histoire\/embed\/#?secret=PDn9X4R9MA\" data-secret=\"PDn9X4R9MA\" width=\"600\" height=\"338\" frameborder=\"0\" marginwidth=\"0\" marginheight=\"0\" scrolling=\"no\"><\/iframe>\n<\/div><figcaption><a href=\"https:\/\/leviroismasque.com\/index.php\/2022\/01\/20\/quand-une-carte-postale-raconte-une-histoire\/\">https:\/\/leviroismasque.com\/index.php\/2022\/01\/20\/quand-une-carte-postale-raconte-une-histoire\/<\/a><\/figcaption><\/figure>\n\n\n\n<p>Rappelons tout de m\u00eame pour finir qu&rsquo;on peut avoir des r\u00e9ticences sur un argumentaire et, pour autant, penser que le fond est juste, \u00e0 savoir la lutte contre la loi Duplomb.<\/p>\n","protected":false},"excerpt":{"rendered":"<p>Dans un r\u00e9cent billet, du 22 juillet, je parlais de ma r\u00e9ticence \u00e0 utiliser les p\u00e9titions pour unique argument pour montrer la volont\u00e9 du peuple. Ici, nous avions 2 millions de signataires. Rappelons que 46 millions de Fran\u00e7ais sont inscrits sur les listes \u00e9lectorales. Comme \u00e9l\u00e9ment de comparaison, je vous invite \u00e0 lire un ancien [&hellip;]<\/p>\n","protected":false},"author":1,"featured_media":0,"comment_status":"open","ping_status":"open","sticky":false,"template":"","format":"standard","meta":[],"categories":[14,11,16,19],"tags":[],"yoast_head":"<!-- This site is optimized with the Yoast SEO plugin v19.0 - https:\/\/yoast.com\/wordpress\/plugins\/seo\/ -->\n<title>R\u00e9flexion sur l&#039;argumentaire (bis) - Le Virois Masqu\u00e9<\/title>\n<meta name=\"robots\" content=\"index, follow, max-snippet:-1, max-image-preview:large, max-video-preview:-1\" \/>\n<link rel=\"canonical\" href=\"https:\/\/leviroismasque.com\/index.php\/2025\/08\/18\/reflexion-sur-largumentaire-bis\/\" \/>\n<meta property=\"og:locale\" content=\"fr_FR\" \/>\n<meta property=\"og:type\" content=\"article\" \/>\n<meta property=\"og:title\" content=\"R\u00e9flexion sur l&#039;argumentaire (bis) - Le Virois Masqu\u00e9\" \/>\n<meta property=\"og:description\" content=\"Dans un r\u00e9cent billet, du 22 juillet, je parlais de ma r\u00e9ticence \u00e0 utiliser les p\u00e9titions pour unique argument pour montrer la volont\u00e9 du peuple. Ici, nous avions 2 millions de signataires. Rappelons que 46 millions de Fran\u00e7ais sont inscrits sur les listes \u00e9lectorales. Comme \u00e9l\u00e9ment de comparaison, je vous invite \u00e0 lire un ancien [&hellip;]\" \/>\n<meta property=\"og:url\" content=\"https:\/\/leviroismasque.com\/index.php\/2025\/08\/18\/reflexion-sur-largumentaire-bis\/\" \/>\n<meta property=\"og:site_name\" content=\"Le Virois Masqu\u00e9\" \/>\n<meta property=\"article:publisher\" content=\"https:\/\/www.facebook.com\/Le-virois-masqu-102219125856936\" \/>\n<meta property=\"article:author\" content=\"https:\/\/www.facebook.com\/Le-virois-masqu-102219125856936\" \/>\n<meta property=\"article:published_time\" content=\"2025-08-18T20:38:14+00:00\" \/>\n<meta property=\"article:modified_time\" content=\"2025-08-19T08:31:42+00:00\" \/>\n<meta property=\"og:image\" content=\"https:\/\/leviroismasque.com\/wp-content\/uploads\/2022\/01\/peine-de-mort2.jpg\" \/>\n<meta name=\"twitter:card\" content=\"summary_large_image\" \/>\n<meta name=\"twitter:label1\" content=\"\u00c9crit par\" \/>\n\t<meta name=\"twitter:data1\" content=\"admin3115\" \/>\n\t<meta name=\"twitter:label2\" content=\"Dur\u00e9e de lecture estim\u00e9e\" \/>\n\t<meta name=\"twitter:data2\" content=\"2 minutes\" \/>\n<script type=\"application\/ld+json\" class=\"yoast-schema-graph\">{\"@context\":\"https:\/\/schema.org\",\"@graph\":[{\"@type\":\"WebSite\",\"@id\":\"https:\/\/leviroismasque.com\/#website\",\"url\":\"https:\/\/leviroismasque.com\/\",\"name\":\"Le Virois Masqu\u00e9\",\"description\":\"\",\"publisher\":{\"@id\":\"https:\/\/leviroismasque.com\/#\/schema\/person\/c06d8f98253f756bda308e7613607a7e\"},\"potentialAction\":[{\"@type\":\"SearchAction\",\"target\":{\"@type\":\"EntryPoint\",\"urlTemplate\":\"https:\/\/leviroismasque.com\/?s={search_term_string}\"},\"query-input\":\"required name=search_term_string\"}],\"inLanguage\":\"fr-FR\"},{\"@type\":\"ImageObject\",\"inLanguage\":\"fr-FR\",\"@id\":\"https:\/\/leviroismasque.com\/index.php\/2025\/08\/18\/reflexion-sur-largumentaire-bis\/#primaryimage\",\"url\":\"https:\/\/leviroismasque.com\/wp-content\/uploads\/2022\/01\/peine-de-mort2.jpg\",\"contentUrl\":\"https:\/\/leviroismasque.com\/wp-content\/uploads\/2022\/01\/peine-de-mort2.jpg\",\"width\":600,\"height\":400},{\"@type\":\"WebPage\",\"@id\":\"https:\/\/leviroismasque.com\/index.php\/2025\/08\/18\/reflexion-sur-largumentaire-bis\/#webpage\",\"url\":\"https:\/\/leviroismasque.com\/index.php\/2025\/08\/18\/reflexion-sur-largumentaire-bis\/\",\"name\":\"R\u00e9flexion sur l'argumentaire (bis) - Le Virois Masqu\u00e9\",\"isPartOf\":{\"@id\":\"https:\/\/leviroismasque.com\/#website\"},\"primaryImageOfPage\":{\"@id\":\"https:\/\/leviroismasque.com\/index.php\/2025\/08\/18\/reflexion-sur-largumentaire-bis\/#primaryimage\"},\"datePublished\":\"2025-08-18T20:38:14+00:00\",\"dateModified\":\"2025-08-19T08:31:42+00:00\",\"breadcrumb\":{\"@id\":\"https:\/\/leviroismasque.com\/index.php\/2025\/08\/18\/reflexion-sur-largumentaire-bis\/#breadcrumb\"},\"inLanguage\":\"fr-FR\",\"potentialAction\":[{\"@type\":\"ReadAction\",\"target\":[\"https:\/\/leviroismasque.com\/index.php\/2025\/08\/18\/reflexion-sur-largumentaire-bis\/\"]}]},{\"@type\":\"BreadcrumbList\",\"@id\":\"https:\/\/leviroismasque.com\/index.php\/2025\/08\/18\/reflexion-sur-largumentaire-bis\/#breadcrumb\",\"itemListElement\":[{\"@type\":\"ListItem\",\"position\":1,\"name\":\"Accueil\",\"item\":\"https:\/\/leviroismasque.com\/\"},{\"@type\":\"ListItem\",\"position\":2,\"name\":\"R\u00e9flexion sur l&rsquo;argumentaire (bis)\"}]},{\"@type\":\"Article\",\"@id\":\"https:\/\/leviroismasque.com\/index.php\/2025\/08\/18\/reflexion-sur-largumentaire-bis\/#article\",\"isPartOf\":{\"@id\":\"https:\/\/leviroismasque.com\/index.php\/2025\/08\/18\/reflexion-sur-largumentaire-bis\/#webpage\"},\"author\":{\"@id\":\"https:\/\/leviroismasque.com\/#\/schema\/person\/c06d8f98253f756bda308e7613607a7e\"},\"headline\":\"R\u00e9flexion sur l&rsquo;argumentaire (bis)\",\"datePublished\":\"2025-08-18T20:38:14+00:00\",\"dateModified\":\"2025-08-19T08:31:42+00:00\",\"mainEntityOfPage\":{\"@id\":\"https:\/\/leviroismasque.com\/index.php\/2025\/08\/18\/reflexion-sur-largumentaire-bis\/#webpage\"},\"wordCount\":215,\"commentCount\":0,\"publisher\":{\"@id\":\"https:\/\/leviroismasque.com\/#\/schema\/person\/c06d8f98253f756bda308e7613607a7e\"},\"image\":{\"@id\":\"https:\/\/leviroismasque.com\/index.php\/2025\/08\/18\/reflexion-sur-largumentaire-bis\/#primaryimage\"},\"thumbnailUrl\":\"https:\/\/leviroismasque.com\/wp-content\/uploads\/2022\/01\/peine-de-mort2.jpg\",\"articleSection\":[\"Histoire\",\"Politique\",\"Politique nationale\",\"Social\"],\"inLanguage\":\"fr-FR\",\"potentialAction\":[{\"@type\":\"CommentAction\",\"name\":\"Comment\",\"target\":[\"https:\/\/leviroismasque.com\/index.php\/2025\/08\/18\/reflexion-sur-largumentaire-bis\/#respond\"]}]},{\"@type\":[\"Person\",\"Organization\"],\"@id\":\"https:\/\/leviroismasque.com\/#\/schema\/person\/c06d8f98253f756bda308e7613607a7e\",\"name\":\"admin3115\",\"image\":{\"@type\":\"ImageObject\",\"inLanguage\":\"fr-FR\",\"@id\":\"https:\/\/leviroismasque.com\/#\/schema\/person\/image\/\",\"url\":\"https:\/\/leviroismasque.ovh\/wp-content\/uploads\/2021\/10\/cropped-lvm.gif\",\"contentUrl\":\"https:\/\/leviroismasque.ovh\/wp-content\/uploads\/2021\/10\/cropped-lvm.gif\",\"width\":512,\"height\":512,\"caption\":\"admin3115\"},\"logo\":{\"@id\":\"https:\/\/leviroismasque.com\/#\/schema\/person\/image\/\"},\"sameAs\":[\"http:\/\/tsamiyu.cluster031.hosting.ovh.net\",\"https:\/\/www.facebook.com\/Le-virois-masqu-102219125856936\"],\"url\":\"https:\/\/leviroismasque.com\/index.php\/author\/admin3115\/\"}]}<\/script>\n<!-- \/ Yoast SEO plugin. -->","yoast_head_json":{"title":"R\u00e9flexion sur l'argumentaire (bis) - Le Virois Masqu\u00e9","robots":{"index":"index","follow":"follow","max-snippet":"max-snippet:-1","max-image-preview":"max-image-preview:large","max-video-preview":"max-video-preview:-1"},"canonical":"https:\/\/leviroismasque.com\/index.php\/2025\/08\/18\/reflexion-sur-largumentaire-bis\/","og_locale":"fr_FR","og_type":"article","og_title":"R\u00e9flexion sur l'argumentaire (bis) - Le Virois Masqu\u00e9","og_description":"Dans un r\u00e9cent billet, du 22 juillet, je parlais de ma r\u00e9ticence \u00e0 utiliser les p\u00e9titions pour unique argument pour montrer la volont\u00e9 du peuple. Ici, nous avions 2 millions de signataires. Rappelons que 46 millions de Fran\u00e7ais sont inscrits sur les listes \u00e9lectorales. Comme \u00e9l\u00e9ment de comparaison, je vous invite \u00e0 lire un ancien [&hellip;]","og_url":"https:\/\/leviroismasque.com\/index.php\/2025\/08\/18\/reflexion-sur-largumentaire-bis\/","og_site_name":"Le Virois Masqu\u00e9","article_publisher":"https:\/\/www.facebook.com\/Le-virois-masqu-102219125856936","article_author":"https:\/\/www.facebook.com\/Le-virois-masqu-102219125856936","article_published_time":"2025-08-18T20:38:14+00:00","article_modified_time":"2025-08-19T08:31:42+00:00","og_image":[{"url":"https:\/\/leviroismasque.com\/wp-content\/uploads\/2022\/01\/peine-de-mort2.jpg"}],"twitter_card":"summary_large_image","twitter_misc":{"\u00c9crit par":"admin3115","Dur\u00e9e de lecture estim\u00e9e":"2 minutes"},"schema":{"@context":"https:\/\/schema.org","@graph":[{"@type":"WebSite","@id":"https:\/\/leviroismasque.com\/#website","url":"https:\/\/leviroismasque.com\/","name":"Le Virois Masqu\u00e9","description":"","publisher":{"@id":"https:\/\/leviroismasque.com\/#\/schema\/person\/c06d8f98253f756bda308e7613607a7e"},"potentialAction":[{"@type":"SearchAction","target":{"@type":"EntryPoint","urlTemplate":"https:\/\/leviroismasque.com\/?s={search_term_string}"},"query-input":"required name=search_term_string"}],"inLanguage":"fr-FR"},{"@type":"ImageObject","inLanguage":"fr-FR","@id":"https:\/\/leviroismasque.com\/index.php\/2025\/08\/18\/reflexion-sur-largumentaire-bis\/#primaryimage","url":"https:\/\/leviroismasque.com\/wp-content\/uploads\/2022\/01\/peine-de-mort2.jpg","contentUrl":"https:\/\/leviroismasque.com\/wp-content\/uploads\/2022\/01\/peine-de-mort2.jpg","width":600,"height":400},{"@type":"WebPage","@id":"https:\/\/leviroismasque.com\/index.php\/2025\/08\/18\/reflexion-sur-largumentaire-bis\/#webpage","url":"https:\/\/leviroismasque.com\/index.php\/2025\/08\/18\/reflexion-sur-largumentaire-bis\/","name":"R\u00e9flexion sur l'argumentaire (bis) - Le Virois Masqu\u00e9","isPartOf":{"@id":"https:\/\/leviroismasque.com\/#website"},"primaryImageOfPage":{"@id":"https:\/\/leviroismasque.com\/index.php\/2025\/08\/18\/reflexion-sur-largumentaire-bis\/#primaryimage"},"datePublished":"2025-08-18T20:38:14+00:00","dateModified":"2025-08-19T08:31:42+00:00","breadcrumb":{"@id":"https:\/\/leviroismasque.com\/index.php\/2025\/08\/18\/reflexion-sur-largumentaire-bis\/#breadcrumb"},"inLanguage":"fr-FR","potentialAction":[{"@type":"ReadAction","target":["https:\/\/leviroismasque.com\/index.php\/2025\/08\/18\/reflexion-sur-largumentaire-bis\/"]}]},{"@type":"BreadcrumbList","@id":"https:\/\/leviroismasque.com\/index.php\/2025\/08\/18\/reflexion-sur-largumentaire-bis\/#breadcrumb","itemListElement":[{"@type":"ListItem","position":1,"name":"Accueil","item":"https:\/\/leviroismasque.com\/"},{"@type":"ListItem","position":2,"name":"R\u00e9flexion sur l&rsquo;argumentaire (bis)"}]},{"@type":"Article","@id":"https:\/\/leviroismasque.com\/index.php\/2025\/08\/18\/reflexion-sur-largumentaire-bis\/#article","isPartOf":{"@id":"https:\/\/leviroismasque.com\/index.php\/2025\/08\/18\/reflexion-sur-largumentaire-bis\/#webpage"},"author":{"@id":"https:\/\/leviroismasque.com\/#\/schema\/person\/c06d8f98253f756bda308e7613607a7e"},"headline":"R\u00e9flexion sur l&rsquo;argumentaire (bis)","datePublished":"2025-08-18T20:38:14+00:00","dateModified":"2025-08-19T08:31:42+00:00","mainEntityOfPage":{"@id":"https:\/\/leviroismasque.com\/index.php\/2025\/08\/18\/reflexion-sur-largumentaire-bis\/#webpage"},"wordCount":215,"commentCount":0,"publisher":{"@id":"https:\/\/leviroismasque.com\/#\/schema\/person\/c06d8f98253f756bda308e7613607a7e"},"image":{"@id":"https:\/\/leviroismasque.com\/index.php\/2025\/08\/18\/reflexion-sur-largumentaire-bis\/#primaryimage"},"thumbnailUrl":"https:\/\/leviroismasque.com\/wp-content\/uploads\/2022\/01\/peine-de-mort2.jpg","articleSection":["Histoire","Politique","Politique nationale","Social"],"inLanguage":"fr-FR","potentialAction":[{"@type":"CommentAction","name":"Comment","target":["https:\/\/leviroismasque.com\/index.php\/2025\/08\/18\/reflexion-sur-largumentaire-bis\/#respond"]}]},{"@type":["Person","Organization"],"@id":"https:\/\/leviroismasque.com\/#\/schema\/person\/c06d8f98253f756bda308e7613607a7e","name":"admin3115","image":{"@type":"ImageObject","inLanguage":"fr-FR","@id":"https:\/\/leviroismasque.com\/#\/schema\/person\/image\/","url":"https:\/\/leviroismasque.ovh\/wp-content\/uploads\/2021\/10\/cropped-lvm.gif","contentUrl":"https:\/\/leviroismasque.ovh\/wp-content\/uploads\/2021\/10\/cropped-lvm.gif","width":512,"height":512,"caption":"admin3115"},"logo":{"@id":"https:\/\/leviroismasque.com\/#\/schema\/person\/image\/"},"sameAs":["http:\/\/tsamiyu.cluster031.hosting.ovh.net","https:\/\/www.facebook.com\/Le-virois-masqu-102219125856936"],"url":"https:\/\/leviroismasque.com\/index.php\/author\/admin3115\/"}]}},"_links":{"self":[{"href":"https:\/\/leviroismasque.com\/index.php\/wp-json\/wp\/v2\/posts\/1734"}],"collection":[{"href":"https:\/\/leviroismasque.com\/index.php\/wp-json\/wp\/v2\/posts"}],"about":[{"href":"https:\/\/leviroismasque.com\/index.php\/wp-json\/wp\/v2\/types\/post"}],"author":[{"embeddable":true,"href":"https:\/\/leviroismasque.com\/index.php\/wp-json\/wp\/v2\/users\/1"}],"replies":[{"embeddable":true,"href":"https:\/\/leviroismasque.com\/index.php\/wp-json\/wp\/v2\/comments?post=1734"}],"version-history":[{"count":6,"href":"https:\/\/leviroismasque.com\/index.php\/wp-json\/wp\/v2\/posts\/1734\/revisions"}],"predecessor-version":[{"id":1745,"href":"https:\/\/leviroismasque.com\/index.php\/wp-json\/wp\/v2\/posts\/1734\/revisions\/1745"}],"wp:attachment":[{"href":"https:\/\/leviroismasque.com\/index.php\/wp-json\/wp\/v2\/media?parent=1734"}],"wp:term":[{"taxonomy":"category","embeddable":true,"href":"https:\/\/leviroismasque.com\/index.php\/wp-json\/wp\/v2\/categories?post=1734"},{"taxonomy":"post_tag","embeddable":true,"href":"https:\/\/leviroismasque.com\/index.php\/wp-json\/wp\/v2\/tags?post=1734"}],"curies":[{"name":"wp","href":"https:\/\/api.w.org\/{rel}","templated":true}]}}