{"id":1931,"date":"2025-11-23T23:42:51","date_gmt":"2025-11-23T22:42:51","guid":{"rendered":"https:\/\/leviroismasque.com\/?p=1931"},"modified":"2025-11-24T10:09:42","modified_gmt":"2025-11-24T09:09:42","slug":"quelle-paix","status":"publish","type":"post","link":"https:\/\/leviroismasque.com\/index.php\/2025\/11\/23\/quelle-paix\/","title":{"rendered":"Quelle paix voulons-nous ?"},"content":{"rendered":"\n<p>Tout le monde a entendu parler de la r\u00e9plique du chef d&rsquo;\u00e9tat major de l&rsquo;Arm\u00e9e Fran\u00e7aise Fabien Mandon&nbsp;:&nbsp;<\/p>\n\n\n\n<p>\u00ab\u00a0Il est&nbsp;n\u00e9cessaire que le pays restaure sa&nbsp; force d\u2019\u00e2me pour accepter de nous faire mal pour prot\u00e9ger ce que l\u2019on est&nbsp; et soit pr\u00eat \u00e0&nbsp; accepter de perdre ses enfants \u00ab\u00a0.<\/p>\n\n\n\n<div class=\"wp-block-image\"><figure class=\"aligncenter size-full\"><img loading=\"lazy\" width=\"689\" height=\"555\" src=\"https:\/\/leviroismasque.com\/wp-content\/uploads\/2025\/11\/mandon.jpg\" alt=\"\" class=\"wp-image-1932\" srcset=\"https:\/\/leviroismasque.com\/wp-content\/uploads\/2025\/11\/mandon.jpg 689w, https:\/\/leviroismasque.com\/wp-content\/uploads\/2025\/11\/mandon-300x242.jpg 300w\" sizes=\"(max-width: 689px) 100vw, 689px\" \/><\/figure><\/div>\n\n\n\n<p>En regard, on entend fr\u00e9quemment les t\u00e9nors de La France Insoumise ou du RN clamer leur d\u00e9sir de paix et leur refus de se pr\u00e9parer \u00e0 d&rsquo;\u00e9ventuels affrontements.<\/p>\n\n\n\n<p>Dans l&rsquo;absolu, comment leur donner tort ? Tout le monde veut la paix. Mais quelle paix ?<\/p>\n\n\n\n<p>Je mets leurs r\u00e9flexions en miroir avec ces \u00e9crits de&nbsp;Roger Martin du Gard qui&nbsp;\u00e9crivait \u00e0 son ami Marcel Lallemand le 9 septembre 1936<\/p>\n\n\n\n<p>\u00ab\u00a0Tout plut\u00f4t que la guerre, m\u00eame le fascisme en Espagne, m\u00eame le fascisme en France, m\u00eame Hitler plut\u00f4t que la guerre\u00a0\u00bb.<\/p>\n\n\n\n<p>Alors quelle paix voulons-nous ?<\/p>\n\n\n\n<p>A moins de voir le comportement de Poutine comme pacifique. Cette pens\u00e9e rel\u00e8verait plut\u00f4t du d\u00e9ni.<\/p>\n\n\n\n<p>Comment pouvait-on croire qu&rsquo;Hitler se suffirait de la Tch\u00e9coslovaquie en 1938 (par \u00e9tapes). Il est vrai que beaucoup, lors des accords de Munich l&rsquo;ont encore cru.<\/p>\n\n\n\n<p>Alors, avons nous avec ces promoteurs de paix de nouveaux Munichois ?<\/p>\n\n\n\n<p>Juste une question&#8230;<\/p>\n\n\n\n<div class=\"wp-block-image\"><figure class=\"aligncenter size-full\"><img loading=\"lazy\" width=\"400\" height=\"400\" src=\"https:\/\/leviroismasque.com\/wp-content\/uploads\/2025\/11\/Martin-du-Gard.jpg\" alt=\"\" class=\"wp-image-1937\" srcset=\"https:\/\/leviroismasque.com\/wp-content\/uploads\/2025\/11\/Martin-du-Gard.jpg 400w, https:\/\/leviroismasque.com\/wp-content\/uploads\/2025\/11\/Martin-du-Gard-300x300.jpg 300w, https:\/\/leviroismasque.com\/wp-content\/uploads\/2025\/11\/Martin-du-Gard-150x150.jpg 150w\" sizes=\"(max-width: 400px) 100vw, 400px\" \/><\/figure><\/div>\n\n\n\n<p>PS: En novembre 1937,&nbsp;Roger Martin du Gard recevait le prix Nobel de litt\u00e9rature. Il \u00e9tait l&rsquo;auteur de \u00ab\u00a0Les Thibaut\u00a0\u00bb longue suite romanesque de 8 romans.<\/p>\n","protected":false},"excerpt":{"rendered":"<p>Tout le monde a entendu parler de la r\u00e9plique du chef d&rsquo;\u00e9tat major de l&rsquo;Arm\u00e9e Fran\u00e7aise Fabien Mandon&nbsp;:&nbsp; \u00ab\u00a0Il est&nbsp;n\u00e9cessaire que le pays restaure sa&nbsp; force d\u2019\u00e2me pour accepter de nous faire mal pour prot\u00e9ger ce que l\u2019on est&nbsp; et soit pr\u00eat \u00e0&nbsp; accepter de perdre ses enfants \u00ab\u00a0. En regard, on entend fr\u00e9quemment les [&hellip;]<\/p>\n","protected":false},"author":1,"featured_media":0,"comment_status":"open","ping_status":"open","sticky":false,"template":"","format":"standard","meta":[],"categories":[14,11,16],"tags":[],"yoast_head":"<!-- This site is optimized with the Yoast SEO plugin v19.0 - https:\/\/yoast.com\/wordpress\/plugins\/seo\/ -->\n<title>Quelle paix voulons-nous ? - Le Virois Masqu\u00e9<\/title>\n<meta name=\"robots\" content=\"index, follow, max-snippet:-1, max-image-preview:large, max-video-preview:-1\" \/>\n<link rel=\"canonical\" href=\"https:\/\/leviroismasque.com\/index.php\/2025\/11\/23\/quelle-paix\/\" \/>\n<meta property=\"og:locale\" content=\"fr_FR\" \/>\n<meta property=\"og:type\" content=\"article\" \/>\n<meta property=\"og:title\" content=\"Quelle paix voulons-nous ? - Le Virois Masqu\u00e9\" \/>\n<meta property=\"og:description\" content=\"Tout le monde a entendu parler de la r\u00e9plique du chef d&rsquo;\u00e9tat major de l&rsquo;Arm\u00e9e Fran\u00e7aise Fabien Mandon&nbsp;:&nbsp; \u00ab\u00a0Il est&nbsp;n\u00e9cessaire que le pays restaure sa&nbsp; force d\u2019\u00e2me pour accepter de nous faire mal pour prot\u00e9ger ce que l\u2019on est&nbsp; et soit pr\u00eat \u00e0&nbsp; accepter de perdre ses enfants \u00ab\u00a0. En regard, on entend fr\u00e9quemment les [&hellip;]\" \/>\n<meta property=\"og:url\" content=\"https:\/\/leviroismasque.com\/index.php\/2025\/11\/23\/quelle-paix\/\" \/>\n<meta property=\"og:site_name\" content=\"Le Virois Masqu\u00e9\" \/>\n<meta property=\"article:publisher\" content=\"https:\/\/www.facebook.com\/Le-virois-masqu-102219125856936\" \/>\n<meta property=\"article:author\" content=\"https:\/\/www.facebook.com\/Le-virois-masqu-102219125856936\" \/>\n<meta property=\"article:published_time\" content=\"2025-11-23T22:42:51+00:00\" \/>\n<meta property=\"article:modified_time\" content=\"2025-11-24T09:09:42+00:00\" \/>\n<meta property=\"og:image\" content=\"https:\/\/leviroismasque.com\/wp-content\/uploads\/2025\/11\/mandon.jpg\" \/>\n<meta name=\"twitter:card\" content=\"summary_large_image\" \/>\n<meta name=\"twitter:label1\" content=\"\u00c9crit par\" \/>\n\t<meta name=\"twitter:data1\" content=\"admin3115\" \/>\n\t<meta name=\"twitter:label2\" content=\"Dur\u00e9e de lecture estim\u00e9e\" \/>\n\t<meta name=\"twitter:data2\" content=\"2 minutes\" \/>\n<script type=\"application\/ld+json\" class=\"yoast-schema-graph\">{\"@context\":\"https:\/\/schema.org\",\"@graph\":[{\"@type\":\"WebSite\",\"@id\":\"https:\/\/leviroismasque.com\/#website\",\"url\":\"https:\/\/leviroismasque.com\/\",\"name\":\"Le Virois Masqu\u00e9\",\"description\":\"\",\"publisher\":{\"@id\":\"https:\/\/leviroismasque.com\/#\/schema\/person\/c06d8f98253f756bda308e7613607a7e\"},\"potentialAction\":[{\"@type\":\"SearchAction\",\"target\":{\"@type\":\"EntryPoint\",\"urlTemplate\":\"https:\/\/leviroismasque.com\/?s={search_term_string}\"},\"query-input\":\"required name=search_term_string\"}],\"inLanguage\":\"fr-FR\"},{\"@type\":\"ImageObject\",\"inLanguage\":\"fr-FR\",\"@id\":\"https:\/\/leviroismasque.com\/index.php\/2025\/11\/23\/quelle-paix\/#primaryimage\",\"url\":\"https:\/\/leviroismasque.com\/wp-content\/uploads\/2025\/11\/mandon.jpg\",\"contentUrl\":\"https:\/\/leviroismasque.com\/wp-content\/uploads\/2025\/11\/mandon.jpg\",\"width\":689,\"height\":555},{\"@type\":\"WebPage\",\"@id\":\"https:\/\/leviroismasque.com\/index.php\/2025\/11\/23\/quelle-paix\/#webpage\",\"url\":\"https:\/\/leviroismasque.com\/index.php\/2025\/11\/23\/quelle-paix\/\",\"name\":\"Quelle paix voulons-nous ? - Le Virois Masqu\u00e9\",\"isPartOf\":{\"@id\":\"https:\/\/leviroismasque.com\/#website\"},\"primaryImageOfPage\":{\"@id\":\"https:\/\/leviroismasque.com\/index.php\/2025\/11\/23\/quelle-paix\/#primaryimage\"},\"datePublished\":\"2025-11-23T22:42:51+00:00\",\"dateModified\":\"2025-11-24T09:09:42+00:00\",\"breadcrumb\":{\"@id\":\"https:\/\/leviroismasque.com\/index.php\/2025\/11\/23\/quelle-paix\/#breadcrumb\"},\"inLanguage\":\"fr-FR\",\"potentialAction\":[{\"@type\":\"ReadAction\",\"target\":[\"https:\/\/leviroismasque.com\/index.php\/2025\/11\/23\/quelle-paix\/\"]}]},{\"@type\":\"BreadcrumbList\",\"@id\":\"https:\/\/leviroismasque.com\/index.php\/2025\/11\/23\/quelle-paix\/#breadcrumb\",\"itemListElement\":[{\"@type\":\"ListItem\",\"position\":1,\"name\":\"Accueil\",\"item\":\"https:\/\/leviroismasque.com\/\"},{\"@type\":\"ListItem\",\"position\":2,\"name\":\"Quelle paix voulons-nous ?\"}]},{\"@type\":\"Article\",\"@id\":\"https:\/\/leviroismasque.com\/index.php\/2025\/11\/23\/quelle-paix\/#article\",\"isPartOf\":{\"@id\":\"https:\/\/leviroismasque.com\/index.php\/2025\/11\/23\/quelle-paix\/#webpage\"},\"author\":{\"@id\":\"https:\/\/leviroismasque.com\/#\/schema\/person\/c06d8f98253f756bda308e7613607a7e\"},\"headline\":\"Quelle paix voulons-nous ?\",\"datePublished\":\"2025-11-23T22:42:51+00:00\",\"dateModified\":\"2025-11-24T09:09:42+00:00\",\"mainEntityOfPage\":{\"@id\":\"https:\/\/leviroismasque.com\/index.php\/2025\/11\/23\/quelle-paix\/#webpage\"},\"wordCount\":254,\"commentCount\":0,\"publisher\":{\"@id\":\"https:\/\/leviroismasque.com\/#\/schema\/person\/c06d8f98253f756bda308e7613607a7e\"},\"image\":{\"@id\":\"https:\/\/leviroismasque.com\/index.php\/2025\/11\/23\/quelle-paix\/#primaryimage\"},\"thumbnailUrl\":\"https:\/\/leviroismasque.com\/wp-content\/uploads\/2025\/11\/mandon.jpg\",\"articleSection\":[\"Histoire\",\"Politique\",\"Politique nationale\"],\"inLanguage\":\"fr-FR\",\"potentialAction\":[{\"@type\":\"CommentAction\",\"name\":\"Comment\",\"target\":[\"https:\/\/leviroismasque.com\/index.php\/2025\/11\/23\/quelle-paix\/#respond\"]}]},{\"@type\":[\"Person\",\"Organization\"],\"@id\":\"https:\/\/leviroismasque.com\/#\/schema\/person\/c06d8f98253f756bda308e7613607a7e\",\"name\":\"admin3115\",\"image\":{\"@type\":\"ImageObject\",\"inLanguage\":\"fr-FR\",\"@id\":\"https:\/\/leviroismasque.com\/#\/schema\/person\/image\/\",\"url\":\"https:\/\/leviroismasque.ovh\/wp-content\/uploads\/2021\/10\/cropped-lvm.gif\",\"contentUrl\":\"https:\/\/leviroismasque.ovh\/wp-content\/uploads\/2021\/10\/cropped-lvm.gif\",\"width\":512,\"height\":512,\"caption\":\"admin3115\"},\"logo\":{\"@id\":\"https:\/\/leviroismasque.com\/#\/schema\/person\/image\/\"},\"sameAs\":[\"http:\/\/tsamiyu.cluster031.hosting.ovh.net\",\"https:\/\/www.facebook.com\/Le-virois-masqu-102219125856936\"],\"url\":\"https:\/\/leviroismasque.com\/index.php\/author\/admin3115\/\"}]}<\/script>\n<!-- \/ Yoast SEO plugin. -->","yoast_head_json":{"title":"Quelle paix voulons-nous ? - Le Virois Masqu\u00e9","robots":{"index":"index","follow":"follow","max-snippet":"max-snippet:-1","max-image-preview":"max-image-preview:large","max-video-preview":"max-video-preview:-1"},"canonical":"https:\/\/leviroismasque.com\/index.php\/2025\/11\/23\/quelle-paix\/","og_locale":"fr_FR","og_type":"article","og_title":"Quelle paix voulons-nous ? - Le Virois Masqu\u00e9","og_description":"Tout le monde a entendu parler de la r\u00e9plique du chef d&rsquo;\u00e9tat major de l&rsquo;Arm\u00e9e Fran\u00e7aise Fabien Mandon&nbsp;:&nbsp; \u00ab\u00a0Il est&nbsp;n\u00e9cessaire que le pays restaure sa&nbsp; force d\u2019\u00e2me pour accepter de nous faire mal pour prot\u00e9ger ce que l\u2019on est&nbsp; et soit pr\u00eat \u00e0&nbsp; accepter de perdre ses enfants \u00ab\u00a0. En regard, on entend fr\u00e9quemment les [&hellip;]","og_url":"https:\/\/leviroismasque.com\/index.php\/2025\/11\/23\/quelle-paix\/","og_site_name":"Le Virois Masqu\u00e9","article_publisher":"https:\/\/www.facebook.com\/Le-virois-masqu-102219125856936","article_author":"https:\/\/www.facebook.com\/Le-virois-masqu-102219125856936","article_published_time":"2025-11-23T22:42:51+00:00","article_modified_time":"2025-11-24T09:09:42+00:00","og_image":[{"url":"https:\/\/leviroismasque.com\/wp-content\/uploads\/2025\/11\/mandon.jpg"}],"twitter_card":"summary_large_image","twitter_misc":{"\u00c9crit par":"admin3115","Dur\u00e9e de lecture estim\u00e9e":"2 minutes"},"schema":{"@context":"https:\/\/schema.org","@graph":[{"@type":"WebSite","@id":"https:\/\/leviroismasque.com\/#website","url":"https:\/\/leviroismasque.com\/","name":"Le Virois Masqu\u00e9","description":"","publisher":{"@id":"https:\/\/leviroismasque.com\/#\/schema\/person\/c06d8f98253f756bda308e7613607a7e"},"potentialAction":[{"@type":"SearchAction","target":{"@type":"EntryPoint","urlTemplate":"https:\/\/leviroismasque.com\/?s={search_term_string}"},"query-input":"required name=search_term_string"}],"inLanguage":"fr-FR"},{"@type":"ImageObject","inLanguage":"fr-FR","@id":"https:\/\/leviroismasque.com\/index.php\/2025\/11\/23\/quelle-paix\/#primaryimage","url":"https:\/\/leviroismasque.com\/wp-content\/uploads\/2025\/11\/mandon.jpg","contentUrl":"https:\/\/leviroismasque.com\/wp-content\/uploads\/2025\/11\/mandon.jpg","width":689,"height":555},{"@type":"WebPage","@id":"https:\/\/leviroismasque.com\/index.php\/2025\/11\/23\/quelle-paix\/#webpage","url":"https:\/\/leviroismasque.com\/index.php\/2025\/11\/23\/quelle-paix\/","name":"Quelle paix voulons-nous ? - Le Virois Masqu\u00e9","isPartOf":{"@id":"https:\/\/leviroismasque.com\/#website"},"primaryImageOfPage":{"@id":"https:\/\/leviroismasque.com\/index.php\/2025\/11\/23\/quelle-paix\/#primaryimage"},"datePublished":"2025-11-23T22:42:51+00:00","dateModified":"2025-11-24T09:09:42+00:00","breadcrumb":{"@id":"https:\/\/leviroismasque.com\/index.php\/2025\/11\/23\/quelle-paix\/#breadcrumb"},"inLanguage":"fr-FR","potentialAction":[{"@type":"ReadAction","target":["https:\/\/leviroismasque.com\/index.php\/2025\/11\/23\/quelle-paix\/"]}]},{"@type":"BreadcrumbList","@id":"https:\/\/leviroismasque.com\/index.php\/2025\/11\/23\/quelle-paix\/#breadcrumb","itemListElement":[{"@type":"ListItem","position":1,"name":"Accueil","item":"https:\/\/leviroismasque.com\/"},{"@type":"ListItem","position":2,"name":"Quelle paix voulons-nous ?"}]},{"@type":"Article","@id":"https:\/\/leviroismasque.com\/index.php\/2025\/11\/23\/quelle-paix\/#article","isPartOf":{"@id":"https:\/\/leviroismasque.com\/index.php\/2025\/11\/23\/quelle-paix\/#webpage"},"author":{"@id":"https:\/\/leviroismasque.com\/#\/schema\/person\/c06d8f98253f756bda308e7613607a7e"},"headline":"Quelle paix voulons-nous ?","datePublished":"2025-11-23T22:42:51+00:00","dateModified":"2025-11-24T09:09:42+00:00","mainEntityOfPage":{"@id":"https:\/\/leviroismasque.com\/index.php\/2025\/11\/23\/quelle-paix\/#webpage"},"wordCount":254,"commentCount":0,"publisher":{"@id":"https:\/\/leviroismasque.com\/#\/schema\/person\/c06d8f98253f756bda308e7613607a7e"},"image":{"@id":"https:\/\/leviroismasque.com\/index.php\/2025\/11\/23\/quelle-paix\/#primaryimage"},"thumbnailUrl":"https:\/\/leviroismasque.com\/wp-content\/uploads\/2025\/11\/mandon.jpg","articleSection":["Histoire","Politique","Politique nationale"],"inLanguage":"fr-FR","potentialAction":[{"@type":"CommentAction","name":"Comment","target":["https:\/\/leviroismasque.com\/index.php\/2025\/11\/23\/quelle-paix\/#respond"]}]},{"@type":["Person","Organization"],"@id":"https:\/\/leviroismasque.com\/#\/schema\/person\/c06d8f98253f756bda308e7613607a7e","name":"admin3115","image":{"@type":"ImageObject","inLanguage":"fr-FR","@id":"https:\/\/leviroismasque.com\/#\/schema\/person\/image\/","url":"https:\/\/leviroismasque.ovh\/wp-content\/uploads\/2021\/10\/cropped-lvm.gif","contentUrl":"https:\/\/leviroismasque.ovh\/wp-content\/uploads\/2021\/10\/cropped-lvm.gif","width":512,"height":512,"caption":"admin3115"},"logo":{"@id":"https:\/\/leviroismasque.com\/#\/schema\/person\/image\/"},"sameAs":["http:\/\/tsamiyu.cluster031.hosting.ovh.net","https:\/\/www.facebook.com\/Le-virois-masqu-102219125856936"],"url":"https:\/\/leviroismasque.com\/index.php\/author\/admin3115\/"}]}},"_links":{"self":[{"href":"https:\/\/leviroismasque.com\/index.php\/wp-json\/wp\/v2\/posts\/1931"}],"collection":[{"href":"https:\/\/leviroismasque.com\/index.php\/wp-json\/wp\/v2\/posts"}],"about":[{"href":"https:\/\/leviroismasque.com\/index.php\/wp-json\/wp\/v2\/types\/post"}],"author":[{"embeddable":true,"href":"https:\/\/leviroismasque.com\/index.php\/wp-json\/wp\/v2\/users\/1"}],"replies":[{"embeddable":true,"href":"https:\/\/leviroismasque.com\/index.php\/wp-json\/wp\/v2\/comments?post=1931"}],"version-history":[{"count":5,"href":"https:\/\/leviroismasque.com\/index.php\/wp-json\/wp\/v2\/posts\/1931\/revisions"}],"predecessor-version":[{"id":1939,"href":"https:\/\/leviroismasque.com\/index.php\/wp-json\/wp\/v2\/posts\/1931\/revisions\/1939"}],"wp:attachment":[{"href":"https:\/\/leviroismasque.com\/index.php\/wp-json\/wp\/v2\/media?parent=1931"}],"wp:term":[{"taxonomy":"category","embeddable":true,"href":"https:\/\/leviroismasque.com\/index.php\/wp-json\/wp\/v2\/categories?post=1931"},{"taxonomy":"post_tag","embeddable":true,"href":"https:\/\/leviroismasque.com\/index.php\/wp-json\/wp\/v2\/tags?post=1931"}],"curies":[{"name":"wp","href":"https:\/\/api.w.org\/{rel}","templated":true}]}}