{"id":1946,"date":"2025-12-02T23:55:44","date_gmt":"2025-12-02T22:55:44","guid":{"rendered":"https:\/\/leviroismasque.com\/?p=1946"},"modified":"2025-12-03T00:34:05","modified_gmt":"2025-12-02T23:34:05","slug":"des-marques-sont-prises","status":"publish","type":"post","link":"https:\/\/leviroismasque.com\/index.php\/2025\/12\/02\/des-marques-sont-prises\/","title":{"rendered":"Des marques sont prises"},"content":{"rendered":"\n<p>Un article r\u00e9cent de La Voix Le Bocage relatait la r\u00e9cente r\u00e9union, le 22 novembre, du Collectif du Val de Vire qui avait \u00e9t\u00e9 form\u00e9 pour protester contre la fermeture du coll\u00e8ge.<\/p>\n\n\n\n<p><a href=\"https:\/\/actu.fr\/normandie\/vire-normandie_14762\/college-du-val-de-vire-quelle-suite-pour-le-collectif-oppose-a-sa-fermeture_63480266.html\">https:\/\/actu.fr\/normandie\/vire-normandie_14762\/college-du-val-de-vire-quelle-suite-pour-le-collectif-oppose-a-sa-fermeture_63480266.html<\/a><\/p>\n\n\n\n<p>Le coll\u00e8ge \u00e9tant d\u00e9finitivement ferm\u00e9, des membres s&rsquo;inqui\u00e9taient \u00e0 juste titre de l&rsquo;avenir du b\u00e2timent qui appartient au d\u00e9partement du Calvados.<\/p>\n\n\n\n<p>Et au beau milieu de l&rsquo;article, on remarque ce gros encart:<\/p>\n\n\n\n<div class=\"wp-block-image\"><figure class=\"aligncenter size-full\"><img loading=\"lazy\" width=\"733\" height=\"283\" src=\"https:\/\/leviroismasque.com\/wp-content\/uploads\/2025\/12\/Picot-college.jpg\" alt=\"\" class=\"wp-image-1947\" srcset=\"https:\/\/leviroismasque.com\/wp-content\/uploads\/2025\/12\/Picot-college.jpg 733w, https:\/\/leviroismasque.com\/wp-content\/uploads\/2025\/12\/Picot-college-300x116.jpg 300w\" sizes=\"(max-width: 733px) 100vw, 733px\" \/><\/figure><\/div>\n\n\n\n<p>Sachant que les prochaines \u00e9lections d\u00e9partementales ont lieu seulement en mars 2028 soit dans plus de deux ans, on peut en d\u00e9duire que ce n&rsquo;est pas l&rsquo;avenir imm\u00e9diat des locaux qui suscite l&rsquo;inqui\u00e9tude.<\/p>\n\n\n\n<p>Disons que des marques sont prises&#8230;<\/p>\n\n\n\n<div class=\"wp-block-image\"><figure class=\"aligncenter size-full\"><img loading=\"lazy\" width=\"700\" height=\"471\" src=\"https:\/\/leviroismasque.com\/wp-content\/uploads\/2025\/12\/Assemblee-departementale.jpg\" alt=\"\" class=\"wp-image-1948\" srcset=\"https:\/\/leviroismasque.com\/wp-content\/uploads\/2025\/12\/Assemblee-departementale.jpg 700w, https:\/\/leviroismasque.com\/wp-content\/uploads\/2025\/12\/Assemblee-departementale-300x202.jpg 300w\" sizes=\"(max-width: 700px) 100vw, 700px\" \/><\/figure><\/div>\n","protected":false},"excerpt":{"rendered":"<p>Un article r\u00e9cent de La Voix Le Bocage relatait la r\u00e9cente r\u00e9union, le 22 novembre, du Collectif du Val de Vire qui avait \u00e9t\u00e9 form\u00e9 pour protester contre la fermeture du coll\u00e8ge. https:\/\/actu.fr\/normandie\/vire-normandie_14762\/college-du-val-de-vire-quelle-suite-pour-le-collectif-oppose-a-sa-fermeture_63480266.html Le coll\u00e8ge \u00e9tant d\u00e9finitivement ferm\u00e9, des membres s&rsquo;inqui\u00e9taient \u00e0 juste titre de l&rsquo;avenir du b\u00e2timent qui appartient au d\u00e9partement du Calvados. Et [&hellip;]<\/p>\n","protected":false},"author":1,"featured_media":0,"comment_status":"open","ping_status":"open","sticky":false,"template":"","format":"standard","meta":[],"categories":[18,12],"tags":[],"yoast_head":"<!-- This site is optimized with the Yoast SEO plugin v19.0 - https:\/\/yoast.com\/wordpress\/plugins\/seo\/ -->\n<title>Des marques sont prises - Le Virois Masqu\u00e9<\/title>\n<meta name=\"robots\" content=\"index, follow, max-snippet:-1, max-image-preview:large, max-video-preview:-1\" \/>\n<link rel=\"canonical\" href=\"https:\/\/leviroismasque.com\/index.php\/2025\/12\/02\/des-marques-sont-prises\/\" \/>\n<meta property=\"og:locale\" content=\"fr_FR\" \/>\n<meta property=\"og:type\" content=\"article\" \/>\n<meta property=\"og:title\" content=\"Des marques sont prises - Le Virois Masqu\u00e9\" \/>\n<meta property=\"og:description\" content=\"Un article r\u00e9cent de La Voix Le Bocage relatait la r\u00e9cente r\u00e9union, le 22 novembre, du Collectif du Val de Vire qui avait \u00e9t\u00e9 form\u00e9 pour protester contre la fermeture du coll\u00e8ge. https:\/\/actu.fr\/normandie\/vire-normandie_14762\/college-du-val-de-vire-quelle-suite-pour-le-collectif-oppose-a-sa-fermeture_63480266.html Le coll\u00e8ge \u00e9tant d\u00e9finitivement ferm\u00e9, des membres s&rsquo;inqui\u00e9taient \u00e0 juste titre de l&rsquo;avenir du b\u00e2timent qui appartient au d\u00e9partement du Calvados. Et [&hellip;]\" \/>\n<meta property=\"og:url\" content=\"https:\/\/leviroismasque.com\/index.php\/2025\/12\/02\/des-marques-sont-prises\/\" \/>\n<meta property=\"og:site_name\" content=\"Le Virois Masqu\u00e9\" \/>\n<meta property=\"article:publisher\" content=\"https:\/\/www.facebook.com\/Le-virois-masqu-102219125856936\" \/>\n<meta property=\"article:author\" content=\"https:\/\/www.facebook.com\/Le-virois-masqu-102219125856936\" \/>\n<meta property=\"article:published_time\" content=\"2025-12-02T22:55:44+00:00\" \/>\n<meta property=\"article:modified_time\" content=\"2025-12-02T23:34:05+00:00\" \/>\n<meta property=\"og:image\" content=\"https:\/\/leviroismasque.com\/wp-content\/uploads\/2025\/12\/Picot-college.jpg\" \/>\n<meta name=\"twitter:card\" content=\"summary_large_image\" \/>\n<meta name=\"twitter:label1\" content=\"\u00c9crit par\" \/>\n\t<meta name=\"twitter:data1\" content=\"admin3115\" \/>\n\t<meta name=\"twitter:label2\" content=\"Dur\u00e9e de lecture estim\u00e9e\" \/>\n\t<meta name=\"twitter:data2\" content=\"1 minute\" \/>\n<script type=\"application\/ld+json\" class=\"yoast-schema-graph\">{\"@context\":\"https:\/\/schema.org\",\"@graph\":[{\"@type\":\"WebSite\",\"@id\":\"https:\/\/leviroismasque.com\/#website\",\"url\":\"https:\/\/leviroismasque.com\/\",\"name\":\"Le Virois Masqu\u00e9\",\"description\":\"\",\"publisher\":{\"@id\":\"https:\/\/leviroismasque.com\/#\/schema\/person\/c06d8f98253f756bda308e7613607a7e\"},\"potentialAction\":[{\"@type\":\"SearchAction\",\"target\":{\"@type\":\"EntryPoint\",\"urlTemplate\":\"https:\/\/leviroismasque.com\/?s={search_term_string}\"},\"query-input\":\"required name=search_term_string\"}],\"inLanguage\":\"fr-FR\"},{\"@type\":\"ImageObject\",\"inLanguage\":\"fr-FR\",\"@id\":\"https:\/\/leviroismasque.com\/index.php\/2025\/12\/02\/des-marques-sont-prises\/#primaryimage\",\"url\":\"https:\/\/leviroismasque.com\/wp-content\/uploads\/2025\/12\/Picot-college.jpg\",\"contentUrl\":\"https:\/\/leviroismasque.com\/wp-content\/uploads\/2025\/12\/Picot-college.jpg\",\"width\":733,\"height\":283},{\"@type\":\"WebPage\",\"@id\":\"https:\/\/leviroismasque.com\/index.php\/2025\/12\/02\/des-marques-sont-prises\/#webpage\",\"url\":\"https:\/\/leviroismasque.com\/index.php\/2025\/12\/02\/des-marques-sont-prises\/\",\"name\":\"Des marques sont prises - Le Virois Masqu\u00e9\",\"isPartOf\":{\"@id\":\"https:\/\/leviroismasque.com\/#website\"},\"primaryImageOfPage\":{\"@id\":\"https:\/\/leviroismasque.com\/index.php\/2025\/12\/02\/des-marques-sont-prises\/#primaryimage\"},\"datePublished\":\"2025-12-02T22:55:44+00:00\",\"dateModified\":\"2025-12-02T23:34:05+00:00\",\"breadcrumb\":{\"@id\":\"https:\/\/leviroismasque.com\/index.php\/2025\/12\/02\/des-marques-sont-prises\/#breadcrumb\"},\"inLanguage\":\"fr-FR\",\"potentialAction\":[{\"@type\":\"ReadAction\",\"target\":[\"https:\/\/leviroismasque.com\/index.php\/2025\/12\/02\/des-marques-sont-prises\/\"]}]},{\"@type\":\"BreadcrumbList\",\"@id\":\"https:\/\/leviroismasque.com\/index.php\/2025\/12\/02\/des-marques-sont-prises\/#breadcrumb\",\"itemListElement\":[{\"@type\":\"ListItem\",\"position\":1,\"name\":\"Accueil\",\"item\":\"https:\/\/leviroismasque.com\/\"},{\"@type\":\"ListItem\",\"position\":2,\"name\":\"Des marques sont prises\"}]},{\"@type\":\"Article\",\"@id\":\"https:\/\/leviroismasque.com\/index.php\/2025\/12\/02\/des-marques-sont-prises\/#article\",\"isPartOf\":{\"@id\":\"https:\/\/leviroismasque.com\/index.php\/2025\/12\/02\/des-marques-sont-prises\/#webpage\"},\"author\":{\"@id\":\"https:\/\/leviroismasque.com\/#\/schema\/person\/c06d8f98253f756bda308e7613607a7e\"},\"headline\":\"Des marques sont prises\",\"datePublished\":\"2025-12-02T22:55:44+00:00\",\"dateModified\":\"2025-12-02T23:34:05+00:00\",\"mainEntityOfPage\":{\"@id\":\"https:\/\/leviroismasque.com\/index.php\/2025\/12\/02\/des-marques-sont-prises\/#webpage\"},\"wordCount\":124,\"commentCount\":0,\"publisher\":{\"@id\":\"https:\/\/leviroismasque.com\/#\/schema\/person\/c06d8f98253f756bda308e7613607a7e\"},\"image\":{\"@id\":\"https:\/\/leviroismasque.com\/index.php\/2025\/12\/02\/des-marques-sont-prises\/#primaryimage\"},\"thumbnailUrl\":\"https:\/\/leviroismasque.com\/wp-content\/uploads\/2025\/12\/Picot-college.jpg\",\"articleSection\":[\"Politique locale\",\"Ville de Vire\"],\"inLanguage\":\"fr-FR\",\"potentialAction\":[{\"@type\":\"CommentAction\",\"name\":\"Comment\",\"target\":[\"https:\/\/leviroismasque.com\/index.php\/2025\/12\/02\/des-marques-sont-prises\/#respond\"]}]},{\"@type\":[\"Person\",\"Organization\"],\"@id\":\"https:\/\/leviroismasque.com\/#\/schema\/person\/c06d8f98253f756bda308e7613607a7e\",\"name\":\"admin3115\",\"image\":{\"@type\":\"ImageObject\",\"inLanguage\":\"fr-FR\",\"@id\":\"https:\/\/leviroismasque.com\/#\/schema\/person\/image\/\",\"url\":\"https:\/\/leviroismasque.ovh\/wp-content\/uploads\/2021\/10\/cropped-lvm.gif\",\"contentUrl\":\"https:\/\/leviroismasque.ovh\/wp-content\/uploads\/2021\/10\/cropped-lvm.gif\",\"width\":512,\"height\":512,\"caption\":\"admin3115\"},\"logo\":{\"@id\":\"https:\/\/leviroismasque.com\/#\/schema\/person\/image\/\"},\"sameAs\":[\"http:\/\/tsamiyu.cluster031.hosting.ovh.net\",\"https:\/\/www.facebook.com\/Le-virois-masqu-102219125856936\"],\"url\":\"https:\/\/leviroismasque.com\/index.php\/author\/admin3115\/\"}]}<\/script>\n<!-- \/ Yoast SEO plugin. -->","yoast_head_json":{"title":"Des marques sont prises - Le Virois Masqu\u00e9","robots":{"index":"index","follow":"follow","max-snippet":"max-snippet:-1","max-image-preview":"max-image-preview:large","max-video-preview":"max-video-preview:-1"},"canonical":"https:\/\/leviroismasque.com\/index.php\/2025\/12\/02\/des-marques-sont-prises\/","og_locale":"fr_FR","og_type":"article","og_title":"Des marques sont prises - Le Virois Masqu\u00e9","og_description":"Un article r\u00e9cent de La Voix Le Bocage relatait la r\u00e9cente r\u00e9union, le 22 novembre, du Collectif du Val de Vire qui avait \u00e9t\u00e9 form\u00e9 pour protester contre la fermeture du coll\u00e8ge. https:\/\/actu.fr\/normandie\/vire-normandie_14762\/college-du-val-de-vire-quelle-suite-pour-le-collectif-oppose-a-sa-fermeture_63480266.html Le coll\u00e8ge \u00e9tant d\u00e9finitivement ferm\u00e9, des membres s&rsquo;inqui\u00e9taient \u00e0 juste titre de l&rsquo;avenir du b\u00e2timent qui appartient au d\u00e9partement du Calvados. Et [&hellip;]","og_url":"https:\/\/leviroismasque.com\/index.php\/2025\/12\/02\/des-marques-sont-prises\/","og_site_name":"Le Virois Masqu\u00e9","article_publisher":"https:\/\/www.facebook.com\/Le-virois-masqu-102219125856936","article_author":"https:\/\/www.facebook.com\/Le-virois-masqu-102219125856936","article_published_time":"2025-12-02T22:55:44+00:00","article_modified_time":"2025-12-02T23:34:05+00:00","og_image":[{"url":"https:\/\/leviroismasque.com\/wp-content\/uploads\/2025\/12\/Picot-college.jpg"}],"twitter_card":"summary_large_image","twitter_misc":{"\u00c9crit par":"admin3115","Dur\u00e9e de lecture estim\u00e9e":"1 minute"},"schema":{"@context":"https:\/\/schema.org","@graph":[{"@type":"WebSite","@id":"https:\/\/leviroismasque.com\/#website","url":"https:\/\/leviroismasque.com\/","name":"Le Virois Masqu\u00e9","description":"","publisher":{"@id":"https:\/\/leviroismasque.com\/#\/schema\/person\/c06d8f98253f756bda308e7613607a7e"},"potentialAction":[{"@type":"SearchAction","target":{"@type":"EntryPoint","urlTemplate":"https:\/\/leviroismasque.com\/?s={search_term_string}"},"query-input":"required name=search_term_string"}],"inLanguage":"fr-FR"},{"@type":"ImageObject","inLanguage":"fr-FR","@id":"https:\/\/leviroismasque.com\/index.php\/2025\/12\/02\/des-marques-sont-prises\/#primaryimage","url":"https:\/\/leviroismasque.com\/wp-content\/uploads\/2025\/12\/Picot-college.jpg","contentUrl":"https:\/\/leviroismasque.com\/wp-content\/uploads\/2025\/12\/Picot-college.jpg","width":733,"height":283},{"@type":"WebPage","@id":"https:\/\/leviroismasque.com\/index.php\/2025\/12\/02\/des-marques-sont-prises\/#webpage","url":"https:\/\/leviroismasque.com\/index.php\/2025\/12\/02\/des-marques-sont-prises\/","name":"Des marques sont prises - Le Virois Masqu\u00e9","isPartOf":{"@id":"https:\/\/leviroismasque.com\/#website"},"primaryImageOfPage":{"@id":"https:\/\/leviroismasque.com\/index.php\/2025\/12\/02\/des-marques-sont-prises\/#primaryimage"},"datePublished":"2025-12-02T22:55:44+00:00","dateModified":"2025-12-02T23:34:05+00:00","breadcrumb":{"@id":"https:\/\/leviroismasque.com\/index.php\/2025\/12\/02\/des-marques-sont-prises\/#breadcrumb"},"inLanguage":"fr-FR","potentialAction":[{"@type":"ReadAction","target":["https:\/\/leviroismasque.com\/index.php\/2025\/12\/02\/des-marques-sont-prises\/"]}]},{"@type":"BreadcrumbList","@id":"https:\/\/leviroismasque.com\/index.php\/2025\/12\/02\/des-marques-sont-prises\/#breadcrumb","itemListElement":[{"@type":"ListItem","position":1,"name":"Accueil","item":"https:\/\/leviroismasque.com\/"},{"@type":"ListItem","position":2,"name":"Des marques sont prises"}]},{"@type":"Article","@id":"https:\/\/leviroismasque.com\/index.php\/2025\/12\/02\/des-marques-sont-prises\/#article","isPartOf":{"@id":"https:\/\/leviroismasque.com\/index.php\/2025\/12\/02\/des-marques-sont-prises\/#webpage"},"author":{"@id":"https:\/\/leviroismasque.com\/#\/schema\/person\/c06d8f98253f756bda308e7613607a7e"},"headline":"Des marques sont prises","datePublished":"2025-12-02T22:55:44+00:00","dateModified":"2025-12-02T23:34:05+00:00","mainEntityOfPage":{"@id":"https:\/\/leviroismasque.com\/index.php\/2025\/12\/02\/des-marques-sont-prises\/#webpage"},"wordCount":124,"commentCount":0,"publisher":{"@id":"https:\/\/leviroismasque.com\/#\/schema\/person\/c06d8f98253f756bda308e7613607a7e"},"image":{"@id":"https:\/\/leviroismasque.com\/index.php\/2025\/12\/02\/des-marques-sont-prises\/#primaryimage"},"thumbnailUrl":"https:\/\/leviroismasque.com\/wp-content\/uploads\/2025\/12\/Picot-college.jpg","articleSection":["Politique locale","Ville de Vire"],"inLanguage":"fr-FR","potentialAction":[{"@type":"CommentAction","name":"Comment","target":["https:\/\/leviroismasque.com\/index.php\/2025\/12\/02\/des-marques-sont-prises\/#respond"]}]},{"@type":["Person","Organization"],"@id":"https:\/\/leviroismasque.com\/#\/schema\/person\/c06d8f98253f756bda308e7613607a7e","name":"admin3115","image":{"@type":"ImageObject","inLanguage":"fr-FR","@id":"https:\/\/leviroismasque.com\/#\/schema\/person\/image\/","url":"https:\/\/leviroismasque.ovh\/wp-content\/uploads\/2021\/10\/cropped-lvm.gif","contentUrl":"https:\/\/leviroismasque.ovh\/wp-content\/uploads\/2021\/10\/cropped-lvm.gif","width":512,"height":512,"caption":"admin3115"},"logo":{"@id":"https:\/\/leviroismasque.com\/#\/schema\/person\/image\/"},"sameAs":["http:\/\/tsamiyu.cluster031.hosting.ovh.net","https:\/\/www.facebook.com\/Le-virois-masqu-102219125856936"],"url":"https:\/\/leviroismasque.com\/index.php\/author\/admin3115\/"}]}},"_links":{"self":[{"href":"https:\/\/leviroismasque.com\/index.php\/wp-json\/wp\/v2\/posts\/1946"}],"collection":[{"href":"https:\/\/leviroismasque.com\/index.php\/wp-json\/wp\/v2\/posts"}],"about":[{"href":"https:\/\/leviroismasque.com\/index.php\/wp-json\/wp\/v2\/types\/post"}],"author":[{"embeddable":true,"href":"https:\/\/leviroismasque.com\/index.php\/wp-json\/wp\/v2\/users\/1"}],"replies":[{"embeddable":true,"href":"https:\/\/leviroismasque.com\/index.php\/wp-json\/wp\/v2\/comments?post=1946"}],"version-history":[{"count":4,"href":"https:\/\/leviroismasque.com\/index.php\/wp-json\/wp\/v2\/posts\/1946\/revisions"}],"predecessor-version":[{"id":1953,"href":"https:\/\/leviroismasque.com\/index.php\/wp-json\/wp\/v2\/posts\/1946\/revisions\/1953"}],"wp:attachment":[{"href":"https:\/\/leviroismasque.com\/index.php\/wp-json\/wp\/v2\/media?parent=1946"}],"wp:term":[{"taxonomy":"category","embeddable":true,"href":"https:\/\/leviroismasque.com\/index.php\/wp-json\/wp\/v2\/categories?post=1946"},{"taxonomy":"post_tag","embeddable":true,"href":"https:\/\/leviroismasque.com\/index.php\/wp-json\/wp\/v2\/tags?post=1946"}],"curies":[{"name":"wp","href":"https:\/\/api.w.org\/{rel}","templated":true}]}}