{"id":2142,"date":"2026-03-11T23:56:04","date_gmt":"2026-03-11T22:56:04","guid":{"rendered":"https:\/\/leviroismasque.com\/?p=2142"},"modified":"2026-03-11T23:56:04","modified_gmt":"2026-03-11T22:56:04","slug":"quid-de-la-securite","status":"publish","type":"post","link":"https:\/\/leviroismasque.com\/index.php\/2026\/03\/11\/quid-de-la-securite\/","title":{"rendered":"Quid de la s\u00e9curit\u00e9 ?"},"content":{"rendered":"\n<p>Int\u00e9ressant article dans le Ouest France de ce mercredi qui nous permet de comparer les programmes des trois candidats en mati\u00e8re de s\u00e9curit\u00e9.<\/p>\n\n\n\n<p>D\u00e9j\u00e0 un bon point pour les trois, personnes qui n&rsquo;exag\u00e8rent sur le vocabulaire, genre Vire coupe-gorge etc. Il faut dire que le parti qui se repait de ce verbiage est heureusement absent. Il apparait qu&rsquo;une grande part de l&rsquo;ins\u00e9curit\u00e9 est intrafamiliale.<\/p>\n\n\n\n<div class=\"wp-block-image\"><figure class=\"aligncenter size-full\"><img loading=\"lazy\" width=\"565\" height=\"739\" src=\"https:\/\/leviroismasque.com\/wp-content\/uploads\/2026\/03\/insecurite.jpg\" alt=\"\" class=\"wp-image-2143\" srcset=\"https:\/\/leviroismasque.com\/wp-content\/uploads\/2026\/03\/insecurite.jpg 565w, https:\/\/leviroismasque.com\/wp-content\/uploads\/2026\/03\/insecurite-229x300.jpg 229w\" sizes=\"(max-width: 565px) 100vw, 565px\" \/><\/figure><\/div>\n\n\n\n<p>Alors le th\u00e8me de la police municipale s\u00e9pare les trois.<\/p>\n\n\n\n<p>Eddy COUTARD ne met pas le sujet sur la table, en raison des possibilit\u00e9s financi\u00e8res de la ville insuffisantes mais ne le rejette pas par principe. Pascal MARTIN lui veut d&rsquo;abord mesurer la faisabilit\u00e9 d&rsquo;une police municipale. Si cette prudence est bienvenue, le fait qu&rsquo;elle soit arm\u00e9e peut interroger vu que la majorit\u00e9 des incivilit\u00e9s sont  intrafamiliales.<\/p>\n\n\n\n<p>R\u00e9gis PICOT , lui, fid\u00e8le \u00e0 ses habitudes ne se pose gu\u00e8re de questions sur le c\u00f4t\u00e9 financier. D\u00e9j\u00e0, la gratuit\u00e9 des transports me posait probl\u00e8me et quand je l&rsquo;avais questionn\u00e9 sur sa page Facebook pour savoir sur quel budget il rognait (n&rsquo;augmentant pas les imp\u00f4ts locaux), je n&rsquo;avais pas re\u00e7u de r\u00e9ponse.<\/p>\n\n\n\n<p>En cas d&rsquo;installation d&rsquo;une police municipale Pascal MARTIN voudrait 6 policiers, R\u00e9gis PICOT 3. Mais comme un policier comme tout un chacun a des horaires de travail qui ne sont pas extensibles, ce chiffre 3 me para\u00eet gu\u00e8re cr\u00e9dible.<\/p>\n\n\n\n<p>Les trois candidats convergent en ce qui concerne la vid\u00e9oprotection et la pr\u00e9vention en accentuant le c\u00f4t\u00e9 social ce qui est une chose positive. Donc quel que soit l&rsquo;imp\u00e9trant&#8230;<\/p>\n\n\n\n<p>L&rsquo;absence de s\u00e9curit\u00e9 est une r\u00e9alit\u00e9 mais aussi un sentiment. Ainsi, qui se souvient de ce fait divers ? A l&rsquo;\u00e9poque, le maire \u00e9tait&#8230;Olivier STIRN.<\/p>\n\n\n\n<div class=\"wp-block-image\"><figure class=\"aligncenter size-large\"><img loading=\"lazy\" width=\"1024\" height=\"335\" src=\"https:\/\/leviroismasque.com\/wp-content\/uploads\/2026\/03\/commissariat-1024x335.jpg\" alt=\"\" class=\"wp-image-2144\" srcset=\"https:\/\/leviroismasque.com\/wp-content\/uploads\/2026\/03\/commissariat-1024x335.jpg 1024w, https:\/\/leviroismasque.com\/wp-content\/uploads\/2026\/03\/commissariat-300x98.jpg 300w, https:\/\/leviroismasque.com\/wp-content\/uploads\/2026\/03\/commissariat-768x251.jpg 768w, https:\/\/leviroismasque.com\/wp-content\/uploads\/2026\/03\/commissariat.jpg 1405w\" sizes=\"(max-width: 1024px) 100vw, 1024px\" \/><\/figure><\/div>\n\n\n\n<p><\/p>\n","protected":false},"excerpt":{"rendered":"<p>Int\u00e9ressant article dans le Ouest France de ce mercredi qui nous permet de comparer les programmes des trois candidats en mati\u00e8re de s\u00e9curit\u00e9. D\u00e9j\u00e0 un bon point pour les trois, personnes qui n&rsquo;exag\u00e8rent sur le vocabulaire, genre Vire coupe-gorge etc. Il faut dire que le parti qui se repait de ce verbiage est heureusement absent. [&hellip;]<\/p>\n","protected":false},"author":1,"featured_media":0,"comment_status":"open","ping_status":"open","sticky":false,"template":"","format":"standard","meta":[],"categories":[18,12],"tags":[],"yoast_head":"<!-- This site is optimized with the Yoast SEO plugin v19.0 - https:\/\/yoast.com\/wordpress\/plugins\/seo\/ -->\n<title>Quid de la s\u00e9curit\u00e9 ? - Le Virois Masqu\u00e9<\/title>\n<meta name=\"robots\" content=\"index, follow, max-snippet:-1, max-image-preview:large, max-video-preview:-1\" \/>\n<link rel=\"canonical\" href=\"https:\/\/leviroismasque.com\/index.php\/2026\/03\/11\/quid-de-la-securite\/\" \/>\n<meta property=\"og:locale\" content=\"fr_FR\" \/>\n<meta property=\"og:type\" content=\"article\" \/>\n<meta property=\"og:title\" content=\"Quid de la s\u00e9curit\u00e9 ? - Le Virois Masqu\u00e9\" \/>\n<meta property=\"og:description\" content=\"Int\u00e9ressant article dans le Ouest France de ce mercredi qui nous permet de comparer les programmes des trois candidats en mati\u00e8re de s\u00e9curit\u00e9. D\u00e9j\u00e0 un bon point pour les trois, personnes qui n&rsquo;exag\u00e8rent sur le vocabulaire, genre Vire coupe-gorge etc. Il faut dire que le parti qui se repait de ce verbiage est heureusement absent. [&hellip;]\" \/>\n<meta property=\"og:url\" content=\"https:\/\/leviroismasque.com\/index.php\/2026\/03\/11\/quid-de-la-securite\/\" \/>\n<meta property=\"og:site_name\" content=\"Le Virois Masqu\u00e9\" \/>\n<meta property=\"article:publisher\" content=\"https:\/\/www.facebook.com\/Le-virois-masqu-102219125856936\" \/>\n<meta property=\"article:author\" content=\"https:\/\/www.facebook.com\/Le-virois-masqu-102219125856936\" \/>\n<meta property=\"article:published_time\" content=\"2026-03-11T22:56:04+00:00\" \/>\n<meta property=\"og:image\" content=\"https:\/\/leviroismasque.com\/wp-content\/uploads\/2026\/03\/insecurite.jpg\" \/>\n<meta name=\"twitter:card\" content=\"summary_large_image\" \/>\n<meta name=\"twitter:label1\" content=\"\u00c9crit par\" \/>\n\t<meta name=\"twitter:data1\" content=\"admin3115\" \/>\n\t<meta name=\"twitter:label2\" content=\"Dur\u00e9e de lecture estim\u00e9e\" \/>\n\t<meta name=\"twitter:data2\" content=\"2 minutes\" \/>\n<script type=\"application\/ld+json\" class=\"yoast-schema-graph\">{\"@context\":\"https:\/\/schema.org\",\"@graph\":[{\"@type\":\"WebSite\",\"@id\":\"https:\/\/leviroismasque.com\/#website\",\"url\":\"https:\/\/leviroismasque.com\/\",\"name\":\"Le Virois Masqu\u00e9\",\"description\":\"\",\"publisher\":{\"@id\":\"https:\/\/leviroismasque.com\/#\/schema\/person\/c06d8f98253f756bda308e7613607a7e\"},\"potentialAction\":[{\"@type\":\"SearchAction\",\"target\":{\"@type\":\"EntryPoint\",\"urlTemplate\":\"https:\/\/leviroismasque.com\/?s={search_term_string}\"},\"query-input\":\"required name=search_term_string\"}],\"inLanguage\":\"fr-FR\"},{\"@type\":\"ImageObject\",\"inLanguage\":\"fr-FR\",\"@id\":\"https:\/\/leviroismasque.com\/index.php\/2026\/03\/11\/quid-de-la-securite\/#primaryimage\",\"url\":\"https:\/\/leviroismasque.com\/wp-content\/uploads\/2026\/03\/insecurite.jpg\",\"contentUrl\":\"https:\/\/leviroismasque.com\/wp-content\/uploads\/2026\/03\/insecurite.jpg\",\"width\":565,\"height\":739},{\"@type\":\"WebPage\",\"@id\":\"https:\/\/leviroismasque.com\/index.php\/2026\/03\/11\/quid-de-la-securite\/#webpage\",\"url\":\"https:\/\/leviroismasque.com\/index.php\/2026\/03\/11\/quid-de-la-securite\/\",\"name\":\"Quid de la s\u00e9curit\u00e9 ? - Le Virois Masqu\u00e9\",\"isPartOf\":{\"@id\":\"https:\/\/leviroismasque.com\/#website\"},\"primaryImageOfPage\":{\"@id\":\"https:\/\/leviroismasque.com\/index.php\/2026\/03\/11\/quid-de-la-securite\/#primaryimage\"},\"datePublished\":\"2026-03-11T22:56:04+00:00\",\"dateModified\":\"2026-03-11T22:56:04+00:00\",\"breadcrumb\":{\"@id\":\"https:\/\/leviroismasque.com\/index.php\/2026\/03\/11\/quid-de-la-securite\/#breadcrumb\"},\"inLanguage\":\"fr-FR\",\"potentialAction\":[{\"@type\":\"ReadAction\",\"target\":[\"https:\/\/leviroismasque.com\/index.php\/2026\/03\/11\/quid-de-la-securite\/\"]}]},{\"@type\":\"BreadcrumbList\",\"@id\":\"https:\/\/leviroismasque.com\/index.php\/2026\/03\/11\/quid-de-la-securite\/#breadcrumb\",\"itemListElement\":[{\"@type\":\"ListItem\",\"position\":1,\"name\":\"Accueil\",\"item\":\"https:\/\/leviroismasque.com\/\"},{\"@type\":\"ListItem\",\"position\":2,\"name\":\"Quid de la s\u00e9curit\u00e9 ?\"}]},{\"@type\":\"Article\",\"@id\":\"https:\/\/leviroismasque.com\/index.php\/2026\/03\/11\/quid-de-la-securite\/#article\",\"isPartOf\":{\"@id\":\"https:\/\/leviroismasque.com\/index.php\/2026\/03\/11\/quid-de-la-securite\/#webpage\"},\"author\":{\"@id\":\"https:\/\/leviroismasque.com\/#\/schema\/person\/c06d8f98253f756bda308e7613607a7e\"},\"headline\":\"Quid de la s\u00e9curit\u00e9 ?\",\"datePublished\":\"2026-03-11T22:56:04+00:00\",\"dateModified\":\"2026-03-11T22:56:04+00:00\",\"mainEntityOfPage\":{\"@id\":\"https:\/\/leviroismasque.com\/index.php\/2026\/03\/11\/quid-de-la-securite\/#webpage\"},\"wordCount\":309,\"commentCount\":2,\"publisher\":{\"@id\":\"https:\/\/leviroismasque.com\/#\/schema\/person\/c06d8f98253f756bda308e7613607a7e\"},\"image\":{\"@id\":\"https:\/\/leviroismasque.com\/index.php\/2026\/03\/11\/quid-de-la-securite\/#primaryimage\"},\"thumbnailUrl\":\"https:\/\/leviroismasque.com\/wp-content\/uploads\/2026\/03\/insecurite.jpg\",\"articleSection\":[\"Politique locale\",\"Ville de Vire\"],\"inLanguage\":\"fr-FR\",\"potentialAction\":[{\"@type\":\"CommentAction\",\"name\":\"Comment\",\"target\":[\"https:\/\/leviroismasque.com\/index.php\/2026\/03\/11\/quid-de-la-securite\/#respond\"]}]},{\"@type\":[\"Person\",\"Organization\"],\"@id\":\"https:\/\/leviroismasque.com\/#\/schema\/person\/c06d8f98253f756bda308e7613607a7e\",\"name\":\"admin3115\",\"image\":{\"@type\":\"ImageObject\",\"inLanguage\":\"fr-FR\",\"@id\":\"https:\/\/leviroismasque.com\/#\/schema\/person\/image\/\",\"url\":\"https:\/\/leviroismasque.ovh\/wp-content\/uploads\/2021\/10\/cropped-lvm.gif\",\"contentUrl\":\"https:\/\/leviroismasque.ovh\/wp-content\/uploads\/2021\/10\/cropped-lvm.gif\",\"width\":512,\"height\":512,\"caption\":\"admin3115\"},\"logo\":{\"@id\":\"https:\/\/leviroismasque.com\/#\/schema\/person\/image\/\"},\"sameAs\":[\"http:\/\/tsamiyu.cluster031.hosting.ovh.net\",\"https:\/\/www.facebook.com\/Le-virois-masqu-102219125856936\"],\"url\":\"https:\/\/leviroismasque.com\/index.php\/author\/admin3115\/\"}]}<\/script>\n<!-- \/ Yoast SEO plugin. -->","yoast_head_json":{"title":"Quid de la s\u00e9curit\u00e9 ? - Le Virois Masqu\u00e9","robots":{"index":"index","follow":"follow","max-snippet":"max-snippet:-1","max-image-preview":"max-image-preview:large","max-video-preview":"max-video-preview:-1"},"canonical":"https:\/\/leviroismasque.com\/index.php\/2026\/03\/11\/quid-de-la-securite\/","og_locale":"fr_FR","og_type":"article","og_title":"Quid de la s\u00e9curit\u00e9 ? - Le Virois Masqu\u00e9","og_description":"Int\u00e9ressant article dans le Ouest France de ce mercredi qui nous permet de comparer les programmes des trois candidats en mati\u00e8re de s\u00e9curit\u00e9. D\u00e9j\u00e0 un bon point pour les trois, personnes qui n&rsquo;exag\u00e8rent sur le vocabulaire, genre Vire coupe-gorge etc. Il faut dire que le parti qui se repait de ce verbiage est heureusement absent. [&hellip;]","og_url":"https:\/\/leviroismasque.com\/index.php\/2026\/03\/11\/quid-de-la-securite\/","og_site_name":"Le Virois Masqu\u00e9","article_publisher":"https:\/\/www.facebook.com\/Le-virois-masqu-102219125856936","article_author":"https:\/\/www.facebook.com\/Le-virois-masqu-102219125856936","article_published_time":"2026-03-11T22:56:04+00:00","og_image":[{"url":"https:\/\/leviroismasque.com\/wp-content\/uploads\/2026\/03\/insecurite.jpg"}],"twitter_card":"summary_large_image","twitter_misc":{"\u00c9crit par":"admin3115","Dur\u00e9e de lecture estim\u00e9e":"2 minutes"},"schema":{"@context":"https:\/\/schema.org","@graph":[{"@type":"WebSite","@id":"https:\/\/leviroismasque.com\/#website","url":"https:\/\/leviroismasque.com\/","name":"Le Virois Masqu\u00e9","description":"","publisher":{"@id":"https:\/\/leviroismasque.com\/#\/schema\/person\/c06d8f98253f756bda308e7613607a7e"},"potentialAction":[{"@type":"SearchAction","target":{"@type":"EntryPoint","urlTemplate":"https:\/\/leviroismasque.com\/?s={search_term_string}"},"query-input":"required name=search_term_string"}],"inLanguage":"fr-FR"},{"@type":"ImageObject","inLanguage":"fr-FR","@id":"https:\/\/leviroismasque.com\/index.php\/2026\/03\/11\/quid-de-la-securite\/#primaryimage","url":"https:\/\/leviroismasque.com\/wp-content\/uploads\/2026\/03\/insecurite.jpg","contentUrl":"https:\/\/leviroismasque.com\/wp-content\/uploads\/2026\/03\/insecurite.jpg","width":565,"height":739},{"@type":"WebPage","@id":"https:\/\/leviroismasque.com\/index.php\/2026\/03\/11\/quid-de-la-securite\/#webpage","url":"https:\/\/leviroismasque.com\/index.php\/2026\/03\/11\/quid-de-la-securite\/","name":"Quid de la s\u00e9curit\u00e9 ? - Le Virois Masqu\u00e9","isPartOf":{"@id":"https:\/\/leviroismasque.com\/#website"},"primaryImageOfPage":{"@id":"https:\/\/leviroismasque.com\/index.php\/2026\/03\/11\/quid-de-la-securite\/#primaryimage"},"datePublished":"2026-03-11T22:56:04+00:00","dateModified":"2026-03-11T22:56:04+00:00","breadcrumb":{"@id":"https:\/\/leviroismasque.com\/index.php\/2026\/03\/11\/quid-de-la-securite\/#breadcrumb"},"inLanguage":"fr-FR","potentialAction":[{"@type":"ReadAction","target":["https:\/\/leviroismasque.com\/index.php\/2026\/03\/11\/quid-de-la-securite\/"]}]},{"@type":"BreadcrumbList","@id":"https:\/\/leviroismasque.com\/index.php\/2026\/03\/11\/quid-de-la-securite\/#breadcrumb","itemListElement":[{"@type":"ListItem","position":1,"name":"Accueil","item":"https:\/\/leviroismasque.com\/"},{"@type":"ListItem","position":2,"name":"Quid de la s\u00e9curit\u00e9 ?"}]},{"@type":"Article","@id":"https:\/\/leviroismasque.com\/index.php\/2026\/03\/11\/quid-de-la-securite\/#article","isPartOf":{"@id":"https:\/\/leviroismasque.com\/index.php\/2026\/03\/11\/quid-de-la-securite\/#webpage"},"author":{"@id":"https:\/\/leviroismasque.com\/#\/schema\/person\/c06d8f98253f756bda308e7613607a7e"},"headline":"Quid de la s\u00e9curit\u00e9 ?","datePublished":"2026-03-11T22:56:04+00:00","dateModified":"2026-03-11T22:56:04+00:00","mainEntityOfPage":{"@id":"https:\/\/leviroismasque.com\/index.php\/2026\/03\/11\/quid-de-la-securite\/#webpage"},"wordCount":309,"commentCount":2,"publisher":{"@id":"https:\/\/leviroismasque.com\/#\/schema\/person\/c06d8f98253f756bda308e7613607a7e"},"image":{"@id":"https:\/\/leviroismasque.com\/index.php\/2026\/03\/11\/quid-de-la-securite\/#primaryimage"},"thumbnailUrl":"https:\/\/leviroismasque.com\/wp-content\/uploads\/2026\/03\/insecurite.jpg","articleSection":["Politique locale","Ville de Vire"],"inLanguage":"fr-FR","potentialAction":[{"@type":"CommentAction","name":"Comment","target":["https:\/\/leviroismasque.com\/index.php\/2026\/03\/11\/quid-de-la-securite\/#respond"]}]},{"@type":["Person","Organization"],"@id":"https:\/\/leviroismasque.com\/#\/schema\/person\/c06d8f98253f756bda308e7613607a7e","name":"admin3115","image":{"@type":"ImageObject","inLanguage":"fr-FR","@id":"https:\/\/leviroismasque.com\/#\/schema\/person\/image\/","url":"https:\/\/leviroismasque.ovh\/wp-content\/uploads\/2021\/10\/cropped-lvm.gif","contentUrl":"https:\/\/leviroismasque.ovh\/wp-content\/uploads\/2021\/10\/cropped-lvm.gif","width":512,"height":512,"caption":"admin3115"},"logo":{"@id":"https:\/\/leviroismasque.com\/#\/schema\/person\/image\/"},"sameAs":["http:\/\/tsamiyu.cluster031.hosting.ovh.net","https:\/\/www.facebook.com\/Le-virois-masqu-102219125856936"],"url":"https:\/\/leviroismasque.com\/index.php\/author\/admin3115\/"}]}},"_links":{"self":[{"href":"https:\/\/leviroismasque.com\/index.php\/wp-json\/wp\/v2\/posts\/2142"}],"collection":[{"href":"https:\/\/leviroismasque.com\/index.php\/wp-json\/wp\/v2\/posts"}],"about":[{"href":"https:\/\/leviroismasque.com\/index.php\/wp-json\/wp\/v2\/types\/post"}],"author":[{"embeddable":true,"href":"https:\/\/leviroismasque.com\/index.php\/wp-json\/wp\/v2\/users\/1"}],"replies":[{"embeddable":true,"href":"https:\/\/leviroismasque.com\/index.php\/wp-json\/wp\/v2\/comments?post=2142"}],"version-history":[{"count":1,"href":"https:\/\/leviroismasque.com\/index.php\/wp-json\/wp\/v2\/posts\/2142\/revisions"}],"predecessor-version":[{"id":2145,"href":"https:\/\/leviroismasque.com\/index.php\/wp-json\/wp\/v2\/posts\/2142\/revisions\/2145"}],"wp:attachment":[{"href":"https:\/\/leviroismasque.com\/index.php\/wp-json\/wp\/v2\/media?parent=2142"}],"wp:term":[{"taxonomy":"category","embeddable":true,"href":"https:\/\/leviroismasque.com\/index.php\/wp-json\/wp\/v2\/categories?post=2142"},{"taxonomy":"post_tag","embeddable":true,"href":"https:\/\/leviroismasque.com\/index.php\/wp-json\/wp\/v2\/tags?post=2142"}],"curies":[{"name":"wp","href":"https:\/\/api.w.org\/{rel}","templated":true}]}}