{"id":2147,"date":"2026-03-12T21:27:23","date_gmt":"2026-03-12T20:27:23","guid":{"rendered":"https:\/\/leviroismasque.com\/?p=2147"},"modified":"2026-03-12T21:27:24","modified_gmt":"2026-03-12T20:27:24","slug":"coupe-dans-lenseignement","status":"publish","type":"post","link":"https:\/\/leviroismasque.com\/index.php\/2026\/03\/12\/coupe-dans-lenseignement\/","title":{"rendered":"Coupe dans l&rsquo;enseignement"},"content":{"rendered":"\n<p>Mercredi 11 mars, avait lieu une manifestation des lyc\u00e9ens pour protester contre les coupes budg\u00e9taires qui entraineront des suppressions de postes d&rsquo;enseignants.<\/p>\n\n\n\n<p>Ce jeudi, ce sont les enseignants et sympathisants qui \u00e0 leur tour s&#8217;emparaient du drapeau de la contestation tel que le rapporte la sympathique cha\u00eene youtube locale <a href=\"https:\/\/www.youtube.com\/@prodemdt\">TV. S. N. La t\u00e9l\u00e9 du Bocage Normand<\/a>:<\/p>\n\n\n\n<figure class=\"wp-block-embed aligncenter is-type-video is-provider-youtube wp-block-embed-youtube wp-embed-aspect-16-9 wp-has-aspect-ratio\"><div class=\"wp-block-embed__wrapper\">\n<iframe loading=\"lazy\" title=\"manifestation des profs place de l horloge\" width=\"1170\" height=\"658\" src=\"https:\/\/www.youtube.com\/embed\/rIBWoH36KR8?feature=oembed\" frameborder=\"0\" allow=\"accelerometer; autoplay; clipboard-write; encrypted-media; gyroscope; picture-in-picture; web-share\" referrerpolicy=\"strict-origin-when-cross-origin\" allowfullscreen><\/iframe>\n<\/div><\/figure>\n","protected":false},"excerpt":{"rendered":"<p>Mercredi 11 mars, avait lieu une manifestation des lyc\u00e9ens pour protester contre les coupes budg\u00e9taires qui entraineront des suppressions de postes d&rsquo;enseignants. Ce jeudi, ce sont les enseignants et sympathisants qui \u00e0 leur tour s&#8217;emparaient du drapeau de la contestation tel que le rapporte la sympathique cha\u00eene youtube locale TV. S. N. La t\u00e9l\u00e9 du [&hellip;]<\/p>\n","protected":false},"author":1,"featured_media":0,"comment_status":"open","ping_status":"open","sticky":false,"template":"","format":"standard","meta":[],"categories":[1,11,18,19,12],"tags":[],"yoast_head":"<!-- This site is optimized with the Yoast SEO plugin v19.0 - https:\/\/yoast.com\/wordpress\/plugins\/seo\/ -->\n<title>Coupe dans l&#039;enseignement - Le Virois Masqu\u00e9<\/title>\n<meta name=\"robots\" content=\"index, follow, max-snippet:-1, max-image-preview:large, max-video-preview:-1\" \/>\n<link rel=\"canonical\" href=\"https:\/\/leviroismasque.com\/index.php\/2026\/03\/12\/coupe-dans-lenseignement\/\" \/>\n<meta property=\"og:locale\" content=\"fr_FR\" \/>\n<meta property=\"og:type\" content=\"article\" \/>\n<meta property=\"og:title\" content=\"Coupe dans l&#039;enseignement - Le Virois Masqu\u00e9\" \/>\n<meta property=\"og:description\" content=\"Mercredi 11 mars, avait lieu une manifestation des lyc\u00e9ens pour protester contre les coupes budg\u00e9taires qui entraineront des suppressions de postes d&rsquo;enseignants. Ce jeudi, ce sont les enseignants et sympathisants qui \u00e0 leur tour s&#8217;emparaient du drapeau de la contestation tel que le rapporte la sympathique cha\u00eene youtube locale TV. S. N. La t\u00e9l\u00e9 du [&hellip;]\" \/>\n<meta property=\"og:url\" content=\"https:\/\/leviroismasque.com\/index.php\/2026\/03\/12\/coupe-dans-lenseignement\/\" \/>\n<meta property=\"og:site_name\" content=\"Le Virois Masqu\u00e9\" \/>\n<meta property=\"article:publisher\" content=\"https:\/\/www.facebook.com\/Le-virois-masqu-102219125856936\" \/>\n<meta property=\"article:author\" content=\"https:\/\/www.facebook.com\/Le-virois-masqu-102219125856936\" \/>\n<meta property=\"article:published_time\" content=\"2026-03-12T20:27:23+00:00\" \/>\n<meta property=\"article:modified_time\" content=\"2026-03-12T20:27:24+00:00\" \/>\n<meta name=\"twitter:card\" content=\"summary_large_image\" \/>\n<meta name=\"twitter:label1\" content=\"\u00c9crit par\" \/>\n\t<meta name=\"twitter:data1\" content=\"admin3115\" \/>\n\t<meta name=\"twitter:label2\" content=\"Dur\u00e9e de lecture estim\u00e9e\" \/>\n\t<meta name=\"twitter:data2\" content=\"1 minute\" \/>\n<script type=\"application\/ld+json\" class=\"yoast-schema-graph\">{\"@context\":\"https:\/\/schema.org\",\"@graph\":[{\"@type\":\"WebSite\",\"@id\":\"https:\/\/leviroismasque.com\/#website\",\"url\":\"https:\/\/leviroismasque.com\/\",\"name\":\"Le Virois Masqu\u00e9\",\"description\":\"\",\"publisher\":{\"@id\":\"https:\/\/leviroismasque.com\/#\/schema\/person\/c06d8f98253f756bda308e7613607a7e\"},\"potentialAction\":[{\"@type\":\"SearchAction\",\"target\":{\"@type\":\"EntryPoint\",\"urlTemplate\":\"https:\/\/leviroismasque.com\/?s={search_term_string}\"},\"query-input\":\"required name=search_term_string\"}],\"inLanguage\":\"fr-FR\"},{\"@type\":\"WebPage\",\"@id\":\"https:\/\/leviroismasque.com\/index.php\/2026\/03\/12\/coupe-dans-lenseignement\/#webpage\",\"url\":\"https:\/\/leviroismasque.com\/index.php\/2026\/03\/12\/coupe-dans-lenseignement\/\",\"name\":\"Coupe dans l'enseignement - Le Virois Masqu\u00e9\",\"isPartOf\":{\"@id\":\"https:\/\/leviroismasque.com\/#website\"},\"datePublished\":\"2026-03-12T20:27:23+00:00\",\"dateModified\":\"2026-03-12T20:27:24+00:00\",\"breadcrumb\":{\"@id\":\"https:\/\/leviroismasque.com\/index.php\/2026\/03\/12\/coupe-dans-lenseignement\/#breadcrumb\"},\"inLanguage\":\"fr-FR\",\"potentialAction\":[{\"@type\":\"ReadAction\",\"target\":[\"https:\/\/leviroismasque.com\/index.php\/2026\/03\/12\/coupe-dans-lenseignement\/\"]}]},{\"@type\":\"BreadcrumbList\",\"@id\":\"https:\/\/leviroismasque.com\/index.php\/2026\/03\/12\/coupe-dans-lenseignement\/#breadcrumb\",\"itemListElement\":[{\"@type\":\"ListItem\",\"position\":1,\"name\":\"Accueil\",\"item\":\"https:\/\/leviroismasque.com\/\"},{\"@type\":\"ListItem\",\"position\":2,\"name\":\"Coupe dans l&rsquo;enseignement\"}]},{\"@type\":\"Article\",\"@id\":\"https:\/\/leviroismasque.com\/index.php\/2026\/03\/12\/coupe-dans-lenseignement\/#article\",\"isPartOf\":{\"@id\":\"https:\/\/leviroismasque.com\/index.php\/2026\/03\/12\/coupe-dans-lenseignement\/#webpage\"},\"author\":{\"@id\":\"https:\/\/leviroismasque.com\/#\/schema\/person\/c06d8f98253f756bda308e7613607a7e\"},\"headline\":\"Coupe dans l&rsquo;enseignement\",\"datePublished\":\"2026-03-12T20:27:23+00:00\",\"dateModified\":\"2026-03-12T20:27:24+00:00\",\"mainEntityOfPage\":{\"@id\":\"https:\/\/leviroismasque.com\/index.php\/2026\/03\/12\/coupe-dans-lenseignement\/#webpage\"},\"wordCount\":70,\"commentCount\":0,\"publisher\":{\"@id\":\"https:\/\/leviroismasque.com\/#\/schema\/person\/c06d8f98253f756bda308e7613607a7e\"},\"articleSection\":{\"1\":\"Politique\",\"2\":\"Politique locale\",\"3\":\"Social\",\"4\":\"Ville de Vire\"},\"inLanguage\":\"fr-FR\",\"potentialAction\":[{\"@type\":\"CommentAction\",\"name\":\"Comment\",\"target\":[\"https:\/\/leviroismasque.com\/index.php\/2026\/03\/12\/coupe-dans-lenseignement\/#respond\"]}]},{\"@type\":[\"Person\",\"Organization\"],\"@id\":\"https:\/\/leviroismasque.com\/#\/schema\/person\/c06d8f98253f756bda308e7613607a7e\",\"name\":\"admin3115\",\"image\":{\"@type\":\"ImageObject\",\"inLanguage\":\"fr-FR\",\"@id\":\"https:\/\/leviroismasque.com\/#\/schema\/person\/image\/\",\"url\":\"https:\/\/leviroismasque.ovh\/wp-content\/uploads\/2021\/10\/cropped-lvm.gif\",\"contentUrl\":\"https:\/\/leviroismasque.ovh\/wp-content\/uploads\/2021\/10\/cropped-lvm.gif\",\"width\":512,\"height\":512,\"caption\":\"admin3115\"},\"logo\":{\"@id\":\"https:\/\/leviroismasque.com\/#\/schema\/person\/image\/\"},\"sameAs\":[\"http:\/\/tsamiyu.cluster031.hosting.ovh.net\",\"https:\/\/www.facebook.com\/Le-virois-masqu-102219125856936\"],\"url\":\"https:\/\/leviroismasque.com\/index.php\/author\/admin3115\/\"}]}<\/script>\n<!-- \/ Yoast SEO plugin. -->","yoast_head_json":{"title":"Coupe dans l'enseignement - Le Virois Masqu\u00e9","robots":{"index":"index","follow":"follow","max-snippet":"max-snippet:-1","max-image-preview":"max-image-preview:large","max-video-preview":"max-video-preview:-1"},"canonical":"https:\/\/leviroismasque.com\/index.php\/2026\/03\/12\/coupe-dans-lenseignement\/","og_locale":"fr_FR","og_type":"article","og_title":"Coupe dans l'enseignement - Le Virois Masqu\u00e9","og_description":"Mercredi 11 mars, avait lieu une manifestation des lyc\u00e9ens pour protester contre les coupes budg\u00e9taires qui entraineront des suppressions de postes d&rsquo;enseignants. Ce jeudi, ce sont les enseignants et sympathisants qui \u00e0 leur tour s&#8217;emparaient du drapeau de la contestation tel que le rapporte la sympathique cha\u00eene youtube locale TV. S. N. La t\u00e9l\u00e9 du [&hellip;]","og_url":"https:\/\/leviroismasque.com\/index.php\/2026\/03\/12\/coupe-dans-lenseignement\/","og_site_name":"Le Virois Masqu\u00e9","article_publisher":"https:\/\/www.facebook.com\/Le-virois-masqu-102219125856936","article_author":"https:\/\/www.facebook.com\/Le-virois-masqu-102219125856936","article_published_time":"2026-03-12T20:27:23+00:00","article_modified_time":"2026-03-12T20:27:24+00:00","twitter_card":"summary_large_image","twitter_misc":{"\u00c9crit par":"admin3115","Dur\u00e9e de lecture estim\u00e9e":"1 minute"},"schema":{"@context":"https:\/\/schema.org","@graph":[{"@type":"WebSite","@id":"https:\/\/leviroismasque.com\/#website","url":"https:\/\/leviroismasque.com\/","name":"Le Virois Masqu\u00e9","description":"","publisher":{"@id":"https:\/\/leviroismasque.com\/#\/schema\/person\/c06d8f98253f756bda308e7613607a7e"},"potentialAction":[{"@type":"SearchAction","target":{"@type":"EntryPoint","urlTemplate":"https:\/\/leviroismasque.com\/?s={search_term_string}"},"query-input":"required name=search_term_string"}],"inLanguage":"fr-FR"},{"@type":"WebPage","@id":"https:\/\/leviroismasque.com\/index.php\/2026\/03\/12\/coupe-dans-lenseignement\/#webpage","url":"https:\/\/leviroismasque.com\/index.php\/2026\/03\/12\/coupe-dans-lenseignement\/","name":"Coupe dans l'enseignement - Le Virois Masqu\u00e9","isPartOf":{"@id":"https:\/\/leviroismasque.com\/#website"},"datePublished":"2026-03-12T20:27:23+00:00","dateModified":"2026-03-12T20:27:24+00:00","breadcrumb":{"@id":"https:\/\/leviroismasque.com\/index.php\/2026\/03\/12\/coupe-dans-lenseignement\/#breadcrumb"},"inLanguage":"fr-FR","potentialAction":[{"@type":"ReadAction","target":["https:\/\/leviroismasque.com\/index.php\/2026\/03\/12\/coupe-dans-lenseignement\/"]}]},{"@type":"BreadcrumbList","@id":"https:\/\/leviroismasque.com\/index.php\/2026\/03\/12\/coupe-dans-lenseignement\/#breadcrumb","itemListElement":[{"@type":"ListItem","position":1,"name":"Accueil","item":"https:\/\/leviroismasque.com\/"},{"@type":"ListItem","position":2,"name":"Coupe dans l&rsquo;enseignement"}]},{"@type":"Article","@id":"https:\/\/leviroismasque.com\/index.php\/2026\/03\/12\/coupe-dans-lenseignement\/#article","isPartOf":{"@id":"https:\/\/leviroismasque.com\/index.php\/2026\/03\/12\/coupe-dans-lenseignement\/#webpage"},"author":{"@id":"https:\/\/leviroismasque.com\/#\/schema\/person\/c06d8f98253f756bda308e7613607a7e"},"headline":"Coupe dans l&rsquo;enseignement","datePublished":"2026-03-12T20:27:23+00:00","dateModified":"2026-03-12T20:27:24+00:00","mainEntityOfPage":{"@id":"https:\/\/leviroismasque.com\/index.php\/2026\/03\/12\/coupe-dans-lenseignement\/#webpage"},"wordCount":70,"commentCount":0,"publisher":{"@id":"https:\/\/leviroismasque.com\/#\/schema\/person\/c06d8f98253f756bda308e7613607a7e"},"articleSection":{"1":"Politique","2":"Politique locale","3":"Social","4":"Ville de Vire"},"inLanguage":"fr-FR","potentialAction":[{"@type":"CommentAction","name":"Comment","target":["https:\/\/leviroismasque.com\/index.php\/2026\/03\/12\/coupe-dans-lenseignement\/#respond"]}]},{"@type":["Person","Organization"],"@id":"https:\/\/leviroismasque.com\/#\/schema\/person\/c06d8f98253f756bda308e7613607a7e","name":"admin3115","image":{"@type":"ImageObject","inLanguage":"fr-FR","@id":"https:\/\/leviroismasque.com\/#\/schema\/person\/image\/","url":"https:\/\/leviroismasque.ovh\/wp-content\/uploads\/2021\/10\/cropped-lvm.gif","contentUrl":"https:\/\/leviroismasque.ovh\/wp-content\/uploads\/2021\/10\/cropped-lvm.gif","width":512,"height":512,"caption":"admin3115"},"logo":{"@id":"https:\/\/leviroismasque.com\/#\/schema\/person\/image\/"},"sameAs":["http:\/\/tsamiyu.cluster031.hosting.ovh.net","https:\/\/www.facebook.com\/Le-virois-masqu-102219125856936"],"url":"https:\/\/leviroismasque.com\/index.php\/author\/admin3115\/"}]}},"_links":{"self":[{"href":"https:\/\/leviroismasque.com\/index.php\/wp-json\/wp\/v2\/posts\/2147"}],"collection":[{"href":"https:\/\/leviroismasque.com\/index.php\/wp-json\/wp\/v2\/posts"}],"about":[{"href":"https:\/\/leviroismasque.com\/index.php\/wp-json\/wp\/v2\/types\/post"}],"author":[{"embeddable":true,"href":"https:\/\/leviroismasque.com\/index.php\/wp-json\/wp\/v2\/users\/1"}],"replies":[{"embeddable":true,"href":"https:\/\/leviroismasque.com\/index.php\/wp-json\/wp\/v2\/comments?post=2147"}],"version-history":[{"count":2,"href":"https:\/\/leviroismasque.com\/index.php\/wp-json\/wp\/v2\/posts\/2147\/revisions"}],"predecessor-version":[{"id":2149,"href":"https:\/\/leviroismasque.com\/index.php\/wp-json\/wp\/v2\/posts\/2147\/revisions\/2149"}],"wp:attachment":[{"href":"https:\/\/leviroismasque.com\/index.php\/wp-json\/wp\/v2\/media?parent=2147"}],"wp:term":[{"taxonomy":"category","embeddable":true,"href":"https:\/\/leviroismasque.com\/index.php\/wp-json\/wp\/v2\/categories?post=2147"},{"taxonomy":"post_tag","embeddable":true,"href":"https:\/\/leviroismasque.com\/index.php\/wp-json\/wp\/v2\/tags?post=2147"}],"curies":[{"name":"wp","href":"https:\/\/api.w.org\/{rel}","templated":true}]}}