{"id":240,"date":"2021-11-17T00:06:23","date_gmt":"2021-11-16T23:06:23","guid":{"rendered":"https:\/\/leviroismasque.ovh\/?p=240"},"modified":"2023-02-16T15:17:39","modified_gmt":"2023-02-16T14:17:39","slug":"anniversaire-du-mouvement-des-gilets-jaunes","status":"publish","type":"post","link":"https:\/\/leviroismasque.com\/index.php\/2021\/11\/17\/anniversaire-du-mouvement-des-gilets-jaunes\/","title":{"rendered":"Anniversaire du mouvement des gilets jaunes."},"content":{"rendered":"\n<p>Le 17 novembre est le troisi\u00e8me anniversaire du d\u00e9but du mouvement des gilets jaunes.<\/p>\n\n\n\n<p>Rappelez vous, ce mouvement populaire protestataire, surtout bas\u00e9 contre le prix de l&rsquo;essence, auquel notre radio locale Vire FM nous invitait \u00e0 participer, tel que nous pouvons le voir sur cette capture d&rsquo;\u00e9cran prise lors de ce week-end de novembre 2018.<\/p>\n\n\n\n<p><\/p>\n\n\n\n<figure class=\"wp-block-image size-full\"><img loading=\"lazy\" width=\"246\" height=\"48\" src=\"https:\/\/leviroismasque.ovh\/wp-content\/uploads\/2021\/11\/Espace-blanc-1.jpg\" alt=\"\" class=\"wp-image-264\"\/><\/figure>\n\n\n\n<p><\/p>\n\n\n\n<figure class=\"wp-block-image size-full is-resized\"><img loading=\"lazy\" src=\"https:\/\/leviroismasque.ovh\/wp-content\/uploads\/2021\/11\/VIRE-FM.jpg\" alt=\"\" class=\"wp-image-241\" width=\"497\" height=\"279\" srcset=\"https:\/\/leviroismasque.com\/wp-content\/uploads\/2021\/11\/VIRE-FM.jpg 1000w, https:\/\/leviroismasque.com\/wp-content\/uploads\/2021\/11\/VIRE-FM-300x169.jpg 300w, https:\/\/leviroismasque.com\/wp-content\/uploads\/2021\/11\/VIRE-FM-768x432.jpg 768w\" sizes=\"(max-width: 497px) 100vw, 497px\" \/><\/figure>\n\n\n\n<figure class=\"wp-block-image size-full\"><img loading=\"lazy\" width=\"246\" height=\"48\" src=\"https:\/\/leviroismasque.ovh\/wp-content\/uploads\/2021\/11\/Espace-blanc-1.jpg\" alt=\"\" class=\"wp-image-264\"\/><\/figure>\n\n\n\n<p>Ce \u00ab\u00a0Bloquons tout !\u00a0\u00bb ne laisse donc pas de place \u00e0 l&rsquo;incertitude et toute la matin\u00e9e sera donc consacr\u00e9e \u00e0 ce mouvement se situant au rond point de la Papillionni\u00e8re.<\/p>\n\n\n\n<figure class=\"wp-block-image size-full\"><img loading=\"lazy\" width=\"246\" height=\"48\" src=\"https:\/\/leviroismasque.ovh\/wp-content\/uploads\/2021\/11\/Espace-blanc-1.jpg\" alt=\"\" class=\"wp-image-264\"\/><\/figure>\n\n\n\n<figure class=\"wp-block-image size-full\"><img loading=\"lazy\" width=\"500\" height=\"318\" src=\"https:\/\/leviroismasque.ovh\/wp-content\/uploads\/2021\/11\/VIRE-FM3.jpg\" alt=\"\" class=\"wp-image-253\" srcset=\"https:\/\/leviroismasque.com\/wp-content\/uploads\/2021\/11\/VIRE-FM3.jpg 500w, https:\/\/leviroismasque.com\/wp-content\/uploads\/2021\/11\/VIRE-FM3-300x191.jpg 300w\" sizes=\"(max-width: 500px) 100vw, 500px\" \/><\/figure>\n\n\n\n\n\n\n\n<figure class=\"wp-block-image size-full\"><img loading=\"lazy\" width=\"246\" height=\"48\" src=\"https:\/\/leviroismasque.ovh\/wp-content\/uploads\/2021\/11\/Espace-blanc-1.jpg\" alt=\"\" class=\"wp-image-264\"\/><\/figure>\n\n\n\n<p><\/p>\n\n\n\n<p>Le journaliste Christophe L\u00e9cuyer se situait sur les lieux au sein des manifestants et le directeur de la station R\u00e9gis Picot tenait l&rsquo;antenne dans le studio.<\/p>\n\n\n\n<p>Cette m\u00e2tin\u00e9e a donn\u00e9 lieu \u00e0 des \u00e9changes croustillants comme par exemple, lorsque Christophe L\u00e9cuyer demande \u00e0 un participant s&rsquo;il est pr\u00eat \u00e0 revenir le weekend suivant et que celui ci r\u00e9pond: \u00ab\u00a0non, car je dois aller me promener pour le march\u00e9 de No\u00ebl en Alsace\u00a0\u00bb.<\/p>\n\n\n\n<p><\/p>\n\n\n\n<figure class=\"wp-block-audio\"><audio controls src=\"https:\/\/leviroismasque.com\/wp-content\/uploads\/2022\/10\/vire-fm-gilet-jaune1.wav\"><\/audio><\/figure>\n\n\n\n<p><\/p>\n\n\n\n<p>Rappelons nous que cette manifestation concernait le prix de l&rsquo;essence et que ce manifestant n&rsquo;avait donc visiblement pas tout compris.<\/p>\n\n\n\n<p>Autre \u00e9pisode amusant lorsqu&rsquo;un manifestant fait part au journaliste de son intention de parler \u00e0 la municipalit\u00e9.<\/p>\n\n\n\n<p>Le directeur de la station s&rsquo;est bien gard\u00e9 d&rsquo;intervenir. Souvenons nous que R\u00e9gis Picot, alors \u00e0 l&rsquo;antenne, est non seulement ce directeur de station, mais aussi Maire Adjoint \u00e0 la ville de Vire donc bien plac\u00e9 pour r\u00e9pondre. Et il s&rsquo;en  est bien gard\u00e9. Pourquoi ?<\/p>\n\n\n\n<p>Matin\u00e9e pleine d&rsquo;int\u00e9r\u00eat donc.<\/p>\n\n\n\n<p>Mais la vraie question est: est-ce qu&rsquo;\u00e0 l&rsquo;instar des cha\u00eenes infos nationales, le station radio n&rsquo;a pas encourag\u00e9 un \u00e9v\u00e9nement pour pouvoir alimenter une actualit\u00e9 ensuite ?<\/p>\n\n\n\n<p>Normalement, le journalisme suit l&rsquo;actualit\u00e9 mais ne participe pas \u00e0 l&rsquo;organisation de l&rsquo;\u00e9v\u00e8nement.<\/p>\n\n\n\n<p>Mati\u00e8re \u00e0 r\u00e9flexion, non ? <\/p>\n","protected":false},"excerpt":{"rendered":"<p>Le 17 novembre est le troisi\u00e8me anniversaire du d\u00e9but du mouvement des gilets jaunes. Rappelez vous, ce mouvement populaire protestataire, surtout bas\u00e9 contre le prix de l&rsquo;essence, auquel notre radio locale Vire FM nous invitait \u00e0 participer, tel que nous pouvons le voir sur cette capture d&rsquo;\u00e9cran prise lors de ce week-end de novembre 2018. [&hellip;]<\/p>\n","protected":false},"author":1,"featured_media":0,"comment_status":"open","ping_status":"open","sticky":false,"template":"","format":"standard","meta":[],"categories":[18,19,12],"tags":[],"yoast_head":"<!-- This site is optimized with the Yoast SEO plugin v19.0 - https:\/\/yoast.com\/wordpress\/plugins\/seo\/ -->\n<title>Anniversaire du mouvement des gilets jaunes. - Le Virois Masqu\u00e9<\/title>\n<meta name=\"robots\" content=\"index, follow, max-snippet:-1, max-image-preview:large, max-video-preview:-1\" \/>\n<link rel=\"canonical\" href=\"https:\/\/leviroismasque.com\/index.php\/2021\/11\/17\/anniversaire-du-mouvement-des-gilets-jaunes\/\" \/>\n<meta property=\"og:locale\" content=\"fr_FR\" \/>\n<meta property=\"og:type\" content=\"article\" \/>\n<meta property=\"og:title\" content=\"Anniversaire du mouvement des gilets jaunes. - Le Virois Masqu\u00e9\" \/>\n<meta property=\"og:description\" content=\"Le 17 novembre est le troisi\u00e8me anniversaire du d\u00e9but du mouvement des gilets jaunes. Rappelez vous, ce mouvement populaire protestataire, surtout bas\u00e9 contre le prix de l&rsquo;essence, auquel notre radio locale Vire FM nous invitait \u00e0 participer, tel que nous pouvons le voir sur cette capture d&rsquo;\u00e9cran prise lors de ce week-end de novembre 2018. [&hellip;]\" \/>\n<meta property=\"og:url\" content=\"https:\/\/leviroismasque.com\/index.php\/2021\/11\/17\/anniversaire-du-mouvement-des-gilets-jaunes\/\" \/>\n<meta property=\"og:site_name\" content=\"Le Virois Masqu\u00e9\" \/>\n<meta property=\"article:publisher\" content=\"https:\/\/www.facebook.com\/Le-virois-masqu-102219125856936\" \/>\n<meta property=\"article:author\" content=\"https:\/\/www.facebook.com\/Le-virois-masqu-102219125856936\" \/>\n<meta property=\"article:published_time\" content=\"2021-11-16T23:06:23+00:00\" \/>\n<meta property=\"article:modified_time\" content=\"2023-02-16T14:17:39+00:00\" \/>\n<meta property=\"og:image\" content=\"https:\/\/leviroismasque.ovh\/wp-content\/uploads\/2021\/11\/Espace-blanc-1.jpg\" \/>\n<meta name=\"twitter:card\" content=\"summary_large_image\" \/>\n<meta name=\"twitter:label1\" content=\"\u00c9crit par\" \/>\n\t<meta name=\"twitter:data1\" content=\"admin3115\" \/>\n\t<meta name=\"twitter:label2\" content=\"Dur\u00e9e de lecture estim\u00e9e\" \/>\n\t<meta name=\"twitter:data2\" content=\"3 minutes\" \/>\n<script type=\"application\/ld+json\" class=\"yoast-schema-graph\">{\"@context\":\"https:\/\/schema.org\",\"@graph\":[{\"@type\":\"WebSite\",\"@id\":\"https:\/\/leviroismasque.com\/#website\",\"url\":\"https:\/\/leviroismasque.com\/\",\"name\":\"Le Virois Masqu\u00e9\",\"description\":\"\",\"publisher\":{\"@id\":\"https:\/\/leviroismasque.com\/#\/schema\/person\/c06d8f98253f756bda308e7613607a7e\"},\"potentialAction\":[{\"@type\":\"SearchAction\",\"target\":{\"@type\":\"EntryPoint\",\"urlTemplate\":\"https:\/\/leviroismasque.com\/?s={search_term_string}\"},\"query-input\":\"required name=search_term_string\"}],\"inLanguage\":\"fr-FR\"},{\"@type\":\"ImageObject\",\"inLanguage\":\"fr-FR\",\"@id\":\"https:\/\/leviroismasque.com\/index.php\/2021\/11\/17\/anniversaire-du-mouvement-des-gilets-jaunes\/#primaryimage\",\"url\":\"https:\/\/leviroismasque.ovh\/wp-content\/uploads\/2021\/11\/Espace-blanc-1.jpg\",\"contentUrl\":\"https:\/\/leviroismasque.ovh\/wp-content\/uploads\/2021\/11\/Espace-blanc-1.jpg\"},{\"@type\":\"WebPage\",\"@id\":\"https:\/\/leviroismasque.com\/index.php\/2021\/11\/17\/anniversaire-du-mouvement-des-gilets-jaunes\/#webpage\",\"url\":\"https:\/\/leviroismasque.com\/index.php\/2021\/11\/17\/anniversaire-du-mouvement-des-gilets-jaunes\/\",\"name\":\"Anniversaire du mouvement des gilets jaunes. - Le Virois Masqu\u00e9\",\"isPartOf\":{\"@id\":\"https:\/\/leviroismasque.com\/#website\"},\"primaryImageOfPage\":{\"@id\":\"https:\/\/leviroismasque.com\/index.php\/2021\/11\/17\/anniversaire-du-mouvement-des-gilets-jaunes\/#primaryimage\"},\"datePublished\":\"2021-11-16T23:06:23+00:00\",\"dateModified\":\"2023-02-16T14:17:39+00:00\",\"breadcrumb\":{\"@id\":\"https:\/\/leviroismasque.com\/index.php\/2021\/11\/17\/anniversaire-du-mouvement-des-gilets-jaunes\/#breadcrumb\"},\"inLanguage\":\"fr-FR\",\"potentialAction\":[{\"@type\":\"ReadAction\",\"target\":[\"https:\/\/leviroismasque.com\/index.php\/2021\/11\/17\/anniversaire-du-mouvement-des-gilets-jaunes\/\"]}]},{\"@type\":\"BreadcrumbList\",\"@id\":\"https:\/\/leviroismasque.com\/index.php\/2021\/11\/17\/anniversaire-du-mouvement-des-gilets-jaunes\/#breadcrumb\",\"itemListElement\":[{\"@type\":\"ListItem\",\"position\":1,\"name\":\"Accueil\",\"item\":\"https:\/\/leviroismasque.com\/\"},{\"@type\":\"ListItem\",\"position\":2,\"name\":\"Anniversaire du mouvement des gilets jaunes.\"}]},{\"@type\":\"Article\",\"@id\":\"https:\/\/leviroismasque.com\/index.php\/2021\/11\/17\/anniversaire-du-mouvement-des-gilets-jaunes\/#article\",\"isPartOf\":{\"@id\":\"https:\/\/leviroismasque.com\/index.php\/2021\/11\/17\/anniversaire-du-mouvement-des-gilets-jaunes\/#webpage\"},\"author\":{\"@id\":\"https:\/\/leviroismasque.com\/#\/schema\/person\/c06d8f98253f756bda308e7613607a7e\"},\"headline\":\"Anniversaire du mouvement des gilets jaunes.\",\"datePublished\":\"2021-11-16T23:06:23+00:00\",\"dateModified\":\"2023-02-16T14:17:39+00:00\",\"mainEntityOfPage\":{\"@id\":\"https:\/\/leviroismasque.com\/index.php\/2021\/11\/17\/anniversaire-du-mouvement-des-gilets-jaunes\/#webpage\"},\"wordCount\":303,\"commentCount\":0,\"publisher\":{\"@id\":\"https:\/\/leviroismasque.com\/#\/schema\/person\/c06d8f98253f756bda308e7613607a7e\"},\"image\":{\"@id\":\"https:\/\/leviroismasque.com\/index.php\/2021\/11\/17\/anniversaire-du-mouvement-des-gilets-jaunes\/#primaryimage\"},\"thumbnailUrl\":\"https:\/\/leviroismasque.ovh\/wp-content\/uploads\/2021\/11\/Espace-blanc-1.jpg\",\"articleSection\":[\"Politique locale\",\"Social\",\"Ville de Vire\"],\"inLanguage\":\"fr-FR\",\"potentialAction\":[{\"@type\":\"CommentAction\",\"name\":\"Comment\",\"target\":[\"https:\/\/leviroismasque.com\/index.php\/2021\/11\/17\/anniversaire-du-mouvement-des-gilets-jaunes\/#respond\"]}]},{\"@type\":[\"Person\",\"Organization\"],\"@id\":\"https:\/\/leviroismasque.com\/#\/schema\/person\/c06d8f98253f756bda308e7613607a7e\",\"name\":\"admin3115\",\"image\":{\"@type\":\"ImageObject\",\"inLanguage\":\"fr-FR\",\"@id\":\"https:\/\/leviroismasque.com\/#\/schema\/person\/image\/\",\"url\":\"https:\/\/leviroismasque.ovh\/wp-content\/uploads\/2021\/10\/cropped-lvm.gif\",\"contentUrl\":\"https:\/\/leviroismasque.ovh\/wp-content\/uploads\/2021\/10\/cropped-lvm.gif\",\"width\":512,\"height\":512,\"caption\":\"admin3115\"},\"logo\":{\"@id\":\"https:\/\/leviroismasque.com\/#\/schema\/person\/image\/\"},\"sameAs\":[\"http:\/\/tsamiyu.cluster031.hosting.ovh.net\",\"https:\/\/www.facebook.com\/Le-virois-masqu-102219125856936\"],\"url\":\"https:\/\/leviroismasque.com\/index.php\/author\/admin3115\/\"}]}<\/script>\n<!-- \/ Yoast SEO plugin. -->","yoast_head_json":{"title":"Anniversaire du mouvement des gilets jaunes. - Le Virois Masqu\u00e9","robots":{"index":"index","follow":"follow","max-snippet":"max-snippet:-1","max-image-preview":"max-image-preview:large","max-video-preview":"max-video-preview:-1"},"canonical":"https:\/\/leviroismasque.com\/index.php\/2021\/11\/17\/anniversaire-du-mouvement-des-gilets-jaunes\/","og_locale":"fr_FR","og_type":"article","og_title":"Anniversaire du mouvement des gilets jaunes. - Le Virois Masqu\u00e9","og_description":"Le 17 novembre est le troisi\u00e8me anniversaire du d\u00e9but du mouvement des gilets jaunes. Rappelez vous, ce mouvement populaire protestataire, surtout bas\u00e9 contre le prix de l&rsquo;essence, auquel notre radio locale Vire FM nous invitait \u00e0 participer, tel que nous pouvons le voir sur cette capture d&rsquo;\u00e9cran prise lors de ce week-end de novembre 2018. [&hellip;]","og_url":"https:\/\/leviroismasque.com\/index.php\/2021\/11\/17\/anniversaire-du-mouvement-des-gilets-jaunes\/","og_site_name":"Le Virois Masqu\u00e9","article_publisher":"https:\/\/www.facebook.com\/Le-virois-masqu-102219125856936","article_author":"https:\/\/www.facebook.com\/Le-virois-masqu-102219125856936","article_published_time":"2021-11-16T23:06:23+00:00","article_modified_time":"2023-02-16T14:17:39+00:00","og_image":[{"url":"https:\/\/leviroismasque.ovh\/wp-content\/uploads\/2021\/11\/Espace-blanc-1.jpg"}],"twitter_card":"summary_large_image","twitter_misc":{"\u00c9crit par":"admin3115","Dur\u00e9e de lecture estim\u00e9e":"3 minutes"},"schema":{"@context":"https:\/\/schema.org","@graph":[{"@type":"WebSite","@id":"https:\/\/leviroismasque.com\/#website","url":"https:\/\/leviroismasque.com\/","name":"Le Virois Masqu\u00e9","description":"","publisher":{"@id":"https:\/\/leviroismasque.com\/#\/schema\/person\/c06d8f98253f756bda308e7613607a7e"},"potentialAction":[{"@type":"SearchAction","target":{"@type":"EntryPoint","urlTemplate":"https:\/\/leviroismasque.com\/?s={search_term_string}"},"query-input":"required name=search_term_string"}],"inLanguage":"fr-FR"},{"@type":"ImageObject","inLanguage":"fr-FR","@id":"https:\/\/leviroismasque.com\/index.php\/2021\/11\/17\/anniversaire-du-mouvement-des-gilets-jaunes\/#primaryimage","url":"https:\/\/leviroismasque.ovh\/wp-content\/uploads\/2021\/11\/Espace-blanc-1.jpg","contentUrl":"https:\/\/leviroismasque.ovh\/wp-content\/uploads\/2021\/11\/Espace-blanc-1.jpg"},{"@type":"WebPage","@id":"https:\/\/leviroismasque.com\/index.php\/2021\/11\/17\/anniversaire-du-mouvement-des-gilets-jaunes\/#webpage","url":"https:\/\/leviroismasque.com\/index.php\/2021\/11\/17\/anniversaire-du-mouvement-des-gilets-jaunes\/","name":"Anniversaire du mouvement des gilets jaunes. - Le Virois Masqu\u00e9","isPartOf":{"@id":"https:\/\/leviroismasque.com\/#website"},"primaryImageOfPage":{"@id":"https:\/\/leviroismasque.com\/index.php\/2021\/11\/17\/anniversaire-du-mouvement-des-gilets-jaunes\/#primaryimage"},"datePublished":"2021-11-16T23:06:23+00:00","dateModified":"2023-02-16T14:17:39+00:00","breadcrumb":{"@id":"https:\/\/leviroismasque.com\/index.php\/2021\/11\/17\/anniversaire-du-mouvement-des-gilets-jaunes\/#breadcrumb"},"inLanguage":"fr-FR","potentialAction":[{"@type":"ReadAction","target":["https:\/\/leviroismasque.com\/index.php\/2021\/11\/17\/anniversaire-du-mouvement-des-gilets-jaunes\/"]}]},{"@type":"BreadcrumbList","@id":"https:\/\/leviroismasque.com\/index.php\/2021\/11\/17\/anniversaire-du-mouvement-des-gilets-jaunes\/#breadcrumb","itemListElement":[{"@type":"ListItem","position":1,"name":"Accueil","item":"https:\/\/leviroismasque.com\/"},{"@type":"ListItem","position":2,"name":"Anniversaire du mouvement des gilets jaunes."}]},{"@type":"Article","@id":"https:\/\/leviroismasque.com\/index.php\/2021\/11\/17\/anniversaire-du-mouvement-des-gilets-jaunes\/#article","isPartOf":{"@id":"https:\/\/leviroismasque.com\/index.php\/2021\/11\/17\/anniversaire-du-mouvement-des-gilets-jaunes\/#webpage"},"author":{"@id":"https:\/\/leviroismasque.com\/#\/schema\/person\/c06d8f98253f756bda308e7613607a7e"},"headline":"Anniversaire du mouvement des gilets jaunes.","datePublished":"2021-11-16T23:06:23+00:00","dateModified":"2023-02-16T14:17:39+00:00","mainEntityOfPage":{"@id":"https:\/\/leviroismasque.com\/index.php\/2021\/11\/17\/anniversaire-du-mouvement-des-gilets-jaunes\/#webpage"},"wordCount":303,"commentCount":0,"publisher":{"@id":"https:\/\/leviroismasque.com\/#\/schema\/person\/c06d8f98253f756bda308e7613607a7e"},"image":{"@id":"https:\/\/leviroismasque.com\/index.php\/2021\/11\/17\/anniversaire-du-mouvement-des-gilets-jaunes\/#primaryimage"},"thumbnailUrl":"https:\/\/leviroismasque.ovh\/wp-content\/uploads\/2021\/11\/Espace-blanc-1.jpg","articleSection":["Politique locale","Social","Ville de Vire"],"inLanguage":"fr-FR","potentialAction":[{"@type":"CommentAction","name":"Comment","target":["https:\/\/leviroismasque.com\/index.php\/2021\/11\/17\/anniversaire-du-mouvement-des-gilets-jaunes\/#respond"]}]},{"@type":["Person","Organization"],"@id":"https:\/\/leviroismasque.com\/#\/schema\/person\/c06d8f98253f756bda308e7613607a7e","name":"admin3115","image":{"@type":"ImageObject","inLanguage":"fr-FR","@id":"https:\/\/leviroismasque.com\/#\/schema\/person\/image\/","url":"https:\/\/leviroismasque.ovh\/wp-content\/uploads\/2021\/10\/cropped-lvm.gif","contentUrl":"https:\/\/leviroismasque.ovh\/wp-content\/uploads\/2021\/10\/cropped-lvm.gif","width":512,"height":512,"caption":"admin3115"},"logo":{"@id":"https:\/\/leviroismasque.com\/#\/schema\/person\/image\/"},"sameAs":["http:\/\/tsamiyu.cluster031.hosting.ovh.net","https:\/\/www.facebook.com\/Le-virois-masqu-102219125856936"],"url":"https:\/\/leviroismasque.com\/index.php\/author\/admin3115\/"}]}},"_links":{"self":[{"href":"https:\/\/leviroismasque.com\/index.php\/wp-json\/wp\/v2\/posts\/240"}],"collection":[{"href":"https:\/\/leviroismasque.com\/index.php\/wp-json\/wp\/v2\/posts"}],"about":[{"href":"https:\/\/leviroismasque.com\/index.php\/wp-json\/wp\/v2\/types\/post"}],"author":[{"embeddable":true,"href":"https:\/\/leviroismasque.com\/index.php\/wp-json\/wp\/v2\/users\/1"}],"replies":[{"embeddable":true,"href":"https:\/\/leviroismasque.com\/index.php\/wp-json\/wp\/v2\/comments?post=240"}],"version-history":[{"count":29,"href":"https:\/\/leviroismasque.com\/index.php\/wp-json\/wp\/v2\/posts\/240\/revisions"}],"predecessor-version":[{"id":585,"href":"https:\/\/leviroismasque.com\/index.php\/wp-json\/wp\/v2\/posts\/240\/revisions\/585"}],"wp:attachment":[{"href":"https:\/\/leviroismasque.com\/index.php\/wp-json\/wp\/v2\/media?parent=240"}],"wp:term":[{"taxonomy":"category","embeddable":true,"href":"https:\/\/leviroismasque.com\/index.php\/wp-json\/wp\/v2\/categories?post=240"},{"taxonomy":"post_tag","embeddable":true,"href":"https:\/\/leviroismasque.com\/index.php\/wp-json\/wp\/v2\/tags?post=240"}],"curies":[{"name":"wp","href":"https:\/\/api.w.org\/{rel}","templated":true}]}}