{"id":357,"date":"2022-04-26T21:59:52","date_gmt":"2022-04-26T19:59:52","guid":{"rendered":"https:\/\/leviroismasque.ovh\/?p=357"},"modified":"2022-12-25T23:53:40","modified_gmt":"2022-12-25T22:53:40","slug":"drapeaux-et-liberte","status":"publish","type":"post","link":"https:\/\/leviroismasque.com\/index.php\/2022\/04\/26\/drapeaux-et-liberte\/","title":{"rendered":"Drapeaux et libert\u00e9"},"content":{"rendered":"\n<p>La mairie de Vire s&rsquo;est honor\u00e9e en affichant les couleurs ukrainiennes et faisant des efforts pour accueillir des r\u00e9fugi\u00e9s ukrainiens.<\/p>\n\n\n\n<p><\/p>\n\n\n\n<figure class=\"wp-block-image size-full\"><img loading=\"lazy\" width=\"246\" height=\"48\" src=\"https:\/\/leviroismasque.ovh\/wp-content\/uploads\/2021\/11\/Espace-blanc-1.jpg\" alt=\"\" class=\"wp-image-264\"\/><\/figure>\n\n\n\n<figure class=\"wp-block-image size-full\"><img loading=\"lazy\" width=\"720\" height=\"438\" src=\"https:\/\/leviroismasque.ovh\/wp-content\/uploads\/2022\/04\/mairie.jpg\" alt=\"\" class=\"wp-image-358\" srcset=\"https:\/\/leviroismasque.com\/wp-content\/uploads\/2022\/04\/mairie.jpg 720w, https:\/\/leviroismasque.com\/wp-content\/uploads\/2022\/04\/mairie-300x183.jpg 300w\" sizes=\"(max-width: 720px) 100vw, 720px\" \/><\/figure>\n\n\n\n<figure class=\"wp-block-image size-full\"><img loading=\"lazy\" width=\"246\" height=\"48\" src=\"https:\/\/leviroismasque.ovh\/wp-content\/uploads\/2021\/11\/Espace-blanc-1.jpg\" alt=\"\" class=\"wp-image-264\"\/><figcaption>Pendant ce temps, un Virois pour je ne sais quelles raisons, inconscience, provocation, ignorance, mauvais go\u00fbt, choix politique plus que douteux (rayez la mention inutile)&#8230; affichait les couleurs d&rsquo;une arm\u00e9e qui a massacr\u00e9 des civils innocents par dizaines de milliers.<\/figcaption><\/figure>\n\n\n\n<figure class=\"wp-block-image size-full\"><img loading=\"lazy\" width=\"246\" height=\"48\" src=\"https:\/\/leviroismasque.ovh\/wp-content\/uploads\/2021\/11\/Espace-blanc-1.jpg\" alt=\"\" class=\"wp-image-264\"\/><\/figure>\n\n\n\n<figure class=\"wp-block-image size-full\"><img loading=\"lazy\" width=\"862\" height=\"570\" src=\"https:\/\/leviroismasque.ovh\/wp-content\/uploads\/2022\/04\/drapeau-russe.jpg\" alt=\"\" class=\"wp-image-359\" srcset=\"https:\/\/leviroismasque.com\/wp-content\/uploads\/2022\/04\/drapeau-russe.jpg 862w, https:\/\/leviroismasque.com\/wp-content\/uploads\/2022\/04\/drapeau-russe-300x198.jpg 300w, https:\/\/leviroismasque.com\/wp-content\/uploads\/2022\/04\/drapeau-russe-768x508.jpg 768w\" sizes=\"(max-width: 862px) 100vw, 862px\" \/><\/figure>\n\n\n\n<figure class=\"wp-block-image size-full\"><img loading=\"lazy\" width=\"246\" height=\"48\" src=\"https:\/\/leviroismasque.ovh\/wp-content\/uploads\/2021\/11\/Espace-blanc-1.jpg\" alt=\"\" class=\"wp-image-264\"\/><\/figure>\n\n\n\n<p>Nous nous consolerons en pensant que nous habitons dans un pays o\u00f9 les deux peuvent coexister.<\/p>\n\n\n\n<p>En Russie ce serait impossible.<\/p>\n\n\n\n<p>Dire qu&rsquo;en 1942, un gamin de 13 ans que ce monsieur connaissait bien entrait dans la r\u00e9sistance pour d\u00e9fendre cette libert\u00e9.<\/p>\n\n\n\n<p>Pour ceux qui se demanderaient, ce petit gar\u00e7on \u00e9tait son p\u00e8re.<\/p>\n\n\n\n<figure class=\"wp-block-image size-full\"><img loading=\"lazy\" width=\"249\" height=\"95\" src=\"https:\/\/leviroismasque.ovh\/wp-content\/uploads\/2021\/11\/Espace-blanc.jpg\" alt=\"\" class=\"wp-image-262\"\/><\/figure>\n\n\n\n<p>Edit du 26 mai:<\/p>\n\n\n\n<p>Le journal La Voix Le Bocage sort un article sur le sujet:<\/p>\n\n\n\n<p><a href=\"https:\/\/actu.fr\/normandie\/vire-normandie_14762\/pourquoi-un-drapeau-russe-flotte-sur-la-facade-dune-maison-de-vire-normandie_51237569.html\">https:\/\/actu.fr\/normandie\/vire-normandie_14762\/pourquoi-un-drapeau-russe-flotte-sur-la-facade-dune-maison-de-vire-normandie_51237569.html<\/a><\/p>\n\n\n\n<p><\/p>\n","protected":false},"excerpt":{"rendered":"<p>La mairie de Vire s&rsquo;est honor\u00e9e en affichant les couleurs ukrainiennes et faisant des efforts pour accueillir des r\u00e9fugi\u00e9s ukrainiens. Nous nous consolerons en pensant que nous habitons dans un pays o\u00f9 les deux peuvent coexister. En Russie ce serait impossible. Dire qu&rsquo;en 1942, un gamin de 13 ans que ce monsieur connaissait bien entrait [&hellip;]<\/p>\n","protected":false},"author":1,"featured_media":0,"comment_status":"open","ping_status":"open","sticky":false,"template":"","format":"standard","meta":[],"categories":[11,12],"tags":[],"yoast_head":"<!-- This site is optimized with the Yoast SEO plugin v19.0 - https:\/\/yoast.com\/wordpress\/plugins\/seo\/ -->\n<title>Drapeaux et libert\u00e9 - Le Virois Masqu\u00e9<\/title>\n<meta name=\"robots\" content=\"index, follow, max-snippet:-1, max-image-preview:large, max-video-preview:-1\" \/>\n<link rel=\"canonical\" href=\"https:\/\/leviroismasque.com\/index.php\/2022\/04\/26\/drapeaux-et-liberte\/\" \/>\n<meta property=\"og:locale\" content=\"fr_FR\" \/>\n<meta property=\"og:type\" content=\"article\" \/>\n<meta property=\"og:title\" content=\"Drapeaux et libert\u00e9 - Le Virois Masqu\u00e9\" \/>\n<meta property=\"og:description\" content=\"La mairie de Vire s&rsquo;est honor\u00e9e en affichant les couleurs ukrainiennes et faisant des efforts pour accueillir des r\u00e9fugi\u00e9s ukrainiens. Nous nous consolerons en pensant que nous habitons dans un pays o\u00f9 les deux peuvent coexister. En Russie ce serait impossible. Dire qu&rsquo;en 1942, un gamin de 13 ans que ce monsieur connaissait bien entrait [&hellip;]\" \/>\n<meta property=\"og:url\" content=\"https:\/\/leviroismasque.com\/index.php\/2022\/04\/26\/drapeaux-et-liberte\/\" \/>\n<meta property=\"og:site_name\" content=\"Le Virois Masqu\u00e9\" \/>\n<meta property=\"article:publisher\" content=\"https:\/\/www.facebook.com\/Le-virois-masqu-102219125856936\" \/>\n<meta property=\"article:author\" content=\"https:\/\/www.facebook.com\/Le-virois-masqu-102219125856936\" \/>\n<meta property=\"article:published_time\" content=\"2022-04-26T19:59:52+00:00\" \/>\n<meta property=\"article:modified_time\" content=\"2022-12-25T22:53:40+00:00\" \/>\n<meta property=\"og:image\" content=\"https:\/\/leviroismasque.ovh\/wp-content\/uploads\/2021\/11\/Espace-blanc-1.jpg\" \/>\n<meta name=\"twitter:card\" content=\"summary_large_image\" \/>\n<meta name=\"twitter:label1\" content=\"\u00c9crit par\" \/>\n\t<meta name=\"twitter:data1\" content=\"admin3115\" \/>\n\t<meta name=\"twitter:label2\" content=\"Dur\u00e9e de lecture estim\u00e9e\" \/>\n\t<meta name=\"twitter:data2\" content=\"3 minutes\" \/>\n<script type=\"application\/ld+json\" class=\"yoast-schema-graph\">{\"@context\":\"https:\/\/schema.org\",\"@graph\":[{\"@type\":\"WebSite\",\"@id\":\"https:\/\/leviroismasque.com\/#website\",\"url\":\"https:\/\/leviroismasque.com\/\",\"name\":\"Le Virois Masqu\u00e9\",\"description\":\"\",\"publisher\":{\"@id\":\"https:\/\/leviroismasque.com\/#\/schema\/person\/c06d8f98253f756bda308e7613607a7e\"},\"potentialAction\":[{\"@type\":\"SearchAction\",\"target\":{\"@type\":\"EntryPoint\",\"urlTemplate\":\"https:\/\/leviroismasque.com\/?s={search_term_string}\"},\"query-input\":\"required name=search_term_string\"}],\"inLanguage\":\"fr-FR\"},{\"@type\":\"ImageObject\",\"inLanguage\":\"fr-FR\",\"@id\":\"https:\/\/leviroismasque.com\/index.php\/2022\/04\/26\/drapeaux-et-liberte\/#primaryimage\",\"url\":\"https:\/\/leviroismasque.ovh\/wp-content\/uploads\/2021\/11\/Espace-blanc-1.jpg\",\"contentUrl\":\"https:\/\/leviroismasque.ovh\/wp-content\/uploads\/2021\/11\/Espace-blanc-1.jpg\"},{\"@type\":\"WebPage\",\"@id\":\"https:\/\/leviroismasque.com\/index.php\/2022\/04\/26\/drapeaux-et-liberte\/#webpage\",\"url\":\"https:\/\/leviroismasque.com\/index.php\/2022\/04\/26\/drapeaux-et-liberte\/\",\"name\":\"Drapeaux et libert\u00e9 - Le Virois Masqu\u00e9\",\"isPartOf\":{\"@id\":\"https:\/\/leviroismasque.com\/#website\"},\"primaryImageOfPage\":{\"@id\":\"https:\/\/leviroismasque.com\/index.php\/2022\/04\/26\/drapeaux-et-liberte\/#primaryimage\"},\"datePublished\":\"2022-04-26T19:59:52+00:00\",\"dateModified\":\"2022-12-25T22:53:40+00:00\",\"breadcrumb\":{\"@id\":\"https:\/\/leviroismasque.com\/index.php\/2022\/04\/26\/drapeaux-et-liberte\/#breadcrumb\"},\"inLanguage\":\"fr-FR\",\"potentialAction\":[{\"@type\":\"ReadAction\",\"target\":[\"https:\/\/leviroismasque.com\/index.php\/2022\/04\/26\/drapeaux-et-liberte\/\"]}]},{\"@type\":\"BreadcrumbList\",\"@id\":\"https:\/\/leviroismasque.com\/index.php\/2022\/04\/26\/drapeaux-et-liberte\/#breadcrumb\",\"itemListElement\":[{\"@type\":\"ListItem\",\"position\":1,\"name\":\"Accueil\",\"item\":\"https:\/\/leviroismasque.com\/\"},{\"@type\":\"ListItem\",\"position\":2,\"name\":\"Drapeaux et libert\u00e9\"}]},{\"@type\":\"Article\",\"@id\":\"https:\/\/leviroismasque.com\/index.php\/2022\/04\/26\/drapeaux-et-liberte\/#article\",\"isPartOf\":{\"@id\":\"https:\/\/leviroismasque.com\/index.php\/2022\/04\/26\/drapeaux-et-liberte\/#webpage\"},\"author\":{\"@id\":\"https:\/\/leviroismasque.com\/#\/schema\/person\/c06d8f98253f756bda308e7613607a7e\"},\"headline\":\"Drapeaux et libert\u00e9\",\"datePublished\":\"2022-04-26T19:59:52+00:00\",\"dateModified\":\"2022-12-25T22:53:40+00:00\",\"mainEntityOfPage\":{\"@id\":\"https:\/\/leviroismasque.com\/index.php\/2022\/04\/26\/drapeaux-et-liberte\/#webpage\"},\"wordCount\":145,\"commentCount\":0,\"publisher\":{\"@id\":\"https:\/\/leviroismasque.com\/#\/schema\/person\/c06d8f98253f756bda308e7613607a7e\"},\"image\":{\"@id\":\"https:\/\/leviroismasque.com\/index.php\/2022\/04\/26\/drapeaux-et-liberte\/#primaryimage\"},\"thumbnailUrl\":\"https:\/\/leviroismasque.ovh\/wp-content\/uploads\/2021\/11\/Espace-blanc-1.jpg\",\"articleSection\":[\"Politique\",\"Ville de Vire\"],\"inLanguage\":\"fr-FR\",\"potentialAction\":[{\"@type\":\"CommentAction\",\"name\":\"Comment\",\"target\":[\"https:\/\/leviroismasque.com\/index.php\/2022\/04\/26\/drapeaux-et-liberte\/#respond\"]}]},{\"@type\":[\"Person\",\"Organization\"],\"@id\":\"https:\/\/leviroismasque.com\/#\/schema\/person\/c06d8f98253f756bda308e7613607a7e\",\"name\":\"admin3115\",\"image\":{\"@type\":\"ImageObject\",\"inLanguage\":\"fr-FR\",\"@id\":\"https:\/\/leviroismasque.com\/#\/schema\/person\/image\/\",\"url\":\"https:\/\/leviroismasque.ovh\/wp-content\/uploads\/2021\/10\/cropped-lvm.gif\",\"contentUrl\":\"https:\/\/leviroismasque.ovh\/wp-content\/uploads\/2021\/10\/cropped-lvm.gif\",\"width\":512,\"height\":512,\"caption\":\"admin3115\"},\"logo\":{\"@id\":\"https:\/\/leviroismasque.com\/#\/schema\/person\/image\/\"},\"sameAs\":[\"http:\/\/tsamiyu.cluster031.hosting.ovh.net\",\"https:\/\/www.facebook.com\/Le-virois-masqu-102219125856936\"],\"url\":\"https:\/\/leviroismasque.com\/index.php\/author\/admin3115\/\"}]}<\/script>\n<!-- \/ Yoast SEO plugin. -->","yoast_head_json":{"title":"Drapeaux et libert\u00e9 - Le Virois Masqu\u00e9","robots":{"index":"index","follow":"follow","max-snippet":"max-snippet:-1","max-image-preview":"max-image-preview:large","max-video-preview":"max-video-preview:-1"},"canonical":"https:\/\/leviroismasque.com\/index.php\/2022\/04\/26\/drapeaux-et-liberte\/","og_locale":"fr_FR","og_type":"article","og_title":"Drapeaux et libert\u00e9 - Le Virois Masqu\u00e9","og_description":"La mairie de Vire s&rsquo;est honor\u00e9e en affichant les couleurs ukrainiennes et faisant des efforts pour accueillir des r\u00e9fugi\u00e9s ukrainiens. Nous nous consolerons en pensant que nous habitons dans un pays o\u00f9 les deux peuvent coexister. En Russie ce serait impossible. Dire qu&rsquo;en 1942, un gamin de 13 ans que ce monsieur connaissait bien entrait [&hellip;]","og_url":"https:\/\/leviroismasque.com\/index.php\/2022\/04\/26\/drapeaux-et-liberte\/","og_site_name":"Le Virois Masqu\u00e9","article_publisher":"https:\/\/www.facebook.com\/Le-virois-masqu-102219125856936","article_author":"https:\/\/www.facebook.com\/Le-virois-masqu-102219125856936","article_published_time":"2022-04-26T19:59:52+00:00","article_modified_time":"2022-12-25T22:53:40+00:00","og_image":[{"url":"https:\/\/leviroismasque.ovh\/wp-content\/uploads\/2021\/11\/Espace-blanc-1.jpg"}],"twitter_card":"summary_large_image","twitter_misc":{"\u00c9crit par":"admin3115","Dur\u00e9e de lecture estim\u00e9e":"3 minutes"},"schema":{"@context":"https:\/\/schema.org","@graph":[{"@type":"WebSite","@id":"https:\/\/leviroismasque.com\/#website","url":"https:\/\/leviroismasque.com\/","name":"Le Virois Masqu\u00e9","description":"","publisher":{"@id":"https:\/\/leviroismasque.com\/#\/schema\/person\/c06d8f98253f756bda308e7613607a7e"},"potentialAction":[{"@type":"SearchAction","target":{"@type":"EntryPoint","urlTemplate":"https:\/\/leviroismasque.com\/?s={search_term_string}"},"query-input":"required name=search_term_string"}],"inLanguage":"fr-FR"},{"@type":"ImageObject","inLanguage":"fr-FR","@id":"https:\/\/leviroismasque.com\/index.php\/2022\/04\/26\/drapeaux-et-liberte\/#primaryimage","url":"https:\/\/leviroismasque.ovh\/wp-content\/uploads\/2021\/11\/Espace-blanc-1.jpg","contentUrl":"https:\/\/leviroismasque.ovh\/wp-content\/uploads\/2021\/11\/Espace-blanc-1.jpg"},{"@type":"WebPage","@id":"https:\/\/leviroismasque.com\/index.php\/2022\/04\/26\/drapeaux-et-liberte\/#webpage","url":"https:\/\/leviroismasque.com\/index.php\/2022\/04\/26\/drapeaux-et-liberte\/","name":"Drapeaux et libert\u00e9 - Le Virois Masqu\u00e9","isPartOf":{"@id":"https:\/\/leviroismasque.com\/#website"},"primaryImageOfPage":{"@id":"https:\/\/leviroismasque.com\/index.php\/2022\/04\/26\/drapeaux-et-liberte\/#primaryimage"},"datePublished":"2022-04-26T19:59:52+00:00","dateModified":"2022-12-25T22:53:40+00:00","breadcrumb":{"@id":"https:\/\/leviroismasque.com\/index.php\/2022\/04\/26\/drapeaux-et-liberte\/#breadcrumb"},"inLanguage":"fr-FR","potentialAction":[{"@type":"ReadAction","target":["https:\/\/leviroismasque.com\/index.php\/2022\/04\/26\/drapeaux-et-liberte\/"]}]},{"@type":"BreadcrumbList","@id":"https:\/\/leviroismasque.com\/index.php\/2022\/04\/26\/drapeaux-et-liberte\/#breadcrumb","itemListElement":[{"@type":"ListItem","position":1,"name":"Accueil","item":"https:\/\/leviroismasque.com\/"},{"@type":"ListItem","position":2,"name":"Drapeaux et libert\u00e9"}]},{"@type":"Article","@id":"https:\/\/leviroismasque.com\/index.php\/2022\/04\/26\/drapeaux-et-liberte\/#article","isPartOf":{"@id":"https:\/\/leviroismasque.com\/index.php\/2022\/04\/26\/drapeaux-et-liberte\/#webpage"},"author":{"@id":"https:\/\/leviroismasque.com\/#\/schema\/person\/c06d8f98253f756bda308e7613607a7e"},"headline":"Drapeaux et libert\u00e9","datePublished":"2022-04-26T19:59:52+00:00","dateModified":"2022-12-25T22:53:40+00:00","mainEntityOfPage":{"@id":"https:\/\/leviroismasque.com\/index.php\/2022\/04\/26\/drapeaux-et-liberte\/#webpage"},"wordCount":145,"commentCount":0,"publisher":{"@id":"https:\/\/leviroismasque.com\/#\/schema\/person\/c06d8f98253f756bda308e7613607a7e"},"image":{"@id":"https:\/\/leviroismasque.com\/index.php\/2022\/04\/26\/drapeaux-et-liberte\/#primaryimage"},"thumbnailUrl":"https:\/\/leviroismasque.ovh\/wp-content\/uploads\/2021\/11\/Espace-blanc-1.jpg","articleSection":["Politique","Ville de Vire"],"inLanguage":"fr-FR","potentialAction":[{"@type":"CommentAction","name":"Comment","target":["https:\/\/leviroismasque.com\/index.php\/2022\/04\/26\/drapeaux-et-liberte\/#respond"]}]},{"@type":["Person","Organization"],"@id":"https:\/\/leviroismasque.com\/#\/schema\/person\/c06d8f98253f756bda308e7613607a7e","name":"admin3115","image":{"@type":"ImageObject","inLanguage":"fr-FR","@id":"https:\/\/leviroismasque.com\/#\/schema\/person\/image\/","url":"https:\/\/leviroismasque.ovh\/wp-content\/uploads\/2021\/10\/cropped-lvm.gif","contentUrl":"https:\/\/leviroismasque.ovh\/wp-content\/uploads\/2021\/10\/cropped-lvm.gif","width":512,"height":512,"caption":"admin3115"},"logo":{"@id":"https:\/\/leviroismasque.com\/#\/schema\/person\/image\/"},"sameAs":["http:\/\/tsamiyu.cluster031.hosting.ovh.net","https:\/\/www.facebook.com\/Le-virois-masqu-102219125856936"],"url":"https:\/\/leviroismasque.com\/index.php\/author\/admin3115\/"}]}},"_links":{"self":[{"href":"https:\/\/leviroismasque.com\/index.php\/wp-json\/wp\/v2\/posts\/357"}],"collection":[{"href":"https:\/\/leviroismasque.com\/index.php\/wp-json\/wp\/v2\/posts"}],"about":[{"href":"https:\/\/leviroismasque.com\/index.php\/wp-json\/wp\/v2\/types\/post"}],"author":[{"embeddable":true,"href":"https:\/\/leviroismasque.com\/index.php\/wp-json\/wp\/v2\/users\/1"}],"replies":[{"embeddable":true,"href":"https:\/\/leviroismasque.com\/index.php\/wp-json\/wp\/v2\/comments?post=357"}],"version-history":[{"count":4,"href":"https:\/\/leviroismasque.com\/index.php\/wp-json\/wp\/v2\/posts\/357\/revisions"}],"predecessor-version":[{"id":395,"href":"https:\/\/leviroismasque.com\/index.php\/wp-json\/wp\/v2\/posts\/357\/revisions\/395"}],"wp:attachment":[{"href":"https:\/\/leviroismasque.com\/index.php\/wp-json\/wp\/v2\/media?parent=357"}],"wp:term":[{"taxonomy":"category","embeddable":true,"href":"https:\/\/leviroismasque.com\/index.php\/wp-json\/wp\/v2\/categories?post=357"},{"taxonomy":"post_tag","embeddable":true,"href":"https:\/\/leviroismasque.com\/index.php\/wp-json\/wp\/v2\/tags?post=357"}],"curies":[{"name":"wp","href":"https:\/\/api.w.org\/{rel}","templated":true}]}}