{"id":382,"date":"2022-05-18T22:21:53","date_gmt":"2022-05-18T20:21:53","guid":{"rendered":"https:\/\/leviroismasque.ovh\/?p=382"},"modified":"2026-03-16T13:17:38","modified_gmt":"2026-03-16T12:17:38","slug":"de-lalsace-au-dombass","status":"publish","type":"post","link":"https:\/\/leviroismasque.com\/index.php\/2022\/05\/18\/de-lalsace-au-dombass\/","title":{"rendered":"De l&rsquo;Alsace au Dombass ?"},"content":{"rendered":"\n<p>En 1871, suite \u00e0 la d\u00e9faite lors de la guerre franco-prussienne, la France avait  au trait\u00e9 de Francfort, \u00e9t\u00e9 oblig\u00e9e de c\u00e9der une partie de son territoire \u00e0 la Prusse, \u00e0 savoir l&rsquo;Alsace et la Moselle.<\/p>\n\n\n\n<p>En apart\u00e9, \u00e0 cette occasion, De nombreux alsaciens avaient quitt\u00e9 leur ville d&rsquo;origine, Bischwiller, pour venir s&rsquo;\u00e9tablir \u00e0 Vire.Bischwiller\u2009 avait des activit\u00e9s drapi\u00e8res donc Vire ayant aussi un fort pass\u00e9 drapier a profit\u00e9 de leur savoir faire.<\/p>\n\n\n\n<p>Les petit \u00e9coliers fran\u00e7ais avaient dans leur cartable ce manuel d&rsquo;histoire, le Lavisse dont voici un exemplaire de 1887 (cours moyen).<\/p>\n\n\n\n<figure class=\"wp-block-image size-full is-resized\"><img loading=\"lazy\" src=\"https:\/\/leviroismasque.ovh\/wp-content\/uploads\/2021\/11\/Espace-blanc-1.jpg\" alt=\"\" class=\"wp-image-264\" width=\"190\" height=\"37\"\/><\/figure>\n\n\n\n<figure class=\"wp-block-image size-full\"><img loading=\"lazy\" width=\"414\" height=\"700\" src=\"https:\/\/leviroismasque.ovh\/wp-content\/uploads\/2022\/05\/Lavisse1.jpg\" alt=\"\" class=\"wp-image-383\" srcset=\"https:\/\/leviroismasque.com\/wp-content\/uploads\/2022\/05\/Lavisse1.jpg 414w, https:\/\/leviroismasque.com\/wp-content\/uploads\/2022\/05\/Lavisse1-177x300.jpg 177w\" sizes=\"(max-width: 414px) 100vw, 414px\" \/><\/figure>\n\n\n\n<figure class=\"wp-block-image size-full\"><img loading=\"lazy\" width=\"246\" height=\"48\" src=\"https:\/\/leviroismasque.ovh\/wp-content\/uploads\/2021\/11\/Espace-blanc-1.jpg\" alt=\"\" class=\"wp-image-264\"\/><figcaption>Ce manuel tirait son nom de son cr\u00e9ateur, Ernest LAVISSE (1842 1922) historien fran\u00e7ais, cr\u00e9ateur de manuels d&rsquo;histoire de France et chantre du roman national.<\/figcaption><\/figure>\n\n\n\n<p>Et voici donc ce que les enseignants \u00e0 l&rsquo;\u00e9poque devaient faire entrer dans la t\u00eate de leurs \u00e9l\u00e8ves:<\/p>\n\n\n\n<figure class=\"wp-block-image size-full\"><img loading=\"lazy\" width=\"246\" height=\"48\" src=\"https:\/\/leviroismasque.ovh\/wp-content\/uploads\/2021\/11\/Espace-blanc-1.jpg\" alt=\"\" class=\"wp-image-264\"\/><\/figure>\n\n\n\n<figure class=\"wp-block-image size-full\"><img loading=\"lazy\" width=\"700\" height=\"988\" src=\"https:\/\/leviroismasque.ovh\/wp-content\/uploads\/2022\/05\/Lavisse2.jpg\" alt=\"\" class=\"wp-image-384\" srcset=\"https:\/\/leviroismasque.com\/wp-content\/uploads\/2022\/05\/Lavisse2.jpg 700w, https:\/\/leviroismasque.com\/wp-content\/uploads\/2022\/05\/Lavisse2-213x300.jpg 213w\" sizes=\"(max-width: 700px) 100vw, 700px\" \/><\/figure>\n\n\n\n<figure class=\"wp-block-image size-full\"><img loading=\"lazy\" width=\"700\" height=\"198\" src=\"https:\/\/leviroismasque.ovh\/wp-content\/uploads\/2022\/05\/Lavisse3.jpg\" alt=\"\" class=\"wp-image-385\" srcset=\"https:\/\/leviroismasque.com\/wp-content\/uploads\/2022\/05\/Lavisse3.jpg 700w, https:\/\/leviroismasque.com\/wp-content\/uploads\/2022\/05\/Lavisse3-300x85.jpg 300w\" sizes=\"(max-width: 700px) 100vw, 700px\" \/><\/figure>\n\n\n\n<figure class=\"wp-block-image size-full\"><img loading=\"lazy\" width=\"246\" height=\"48\" src=\"https:\/\/leviroismasque.ovh\/wp-content\/uploads\/2021\/11\/Espace-blanc-1.jpg\" alt=\"\" class=\"wp-image-264\"\/><\/figure>\n\n\n\n<p>Autrement dit, on a appris \u00e0 des enfants \u00e0 se pr\u00e9parer pour se venger afin de r\u00e9cup\u00e9rer un territoire consid\u00e9r\u00e9 comme faisant partie du territoire national. 42 ans apr\u00e8s le trait\u00e9 de paix, une nouvelle guerre \u00e9clatait. Un conditionnement psychologique \u00e9tait mis en place, qui les pr\u00e9parait \u00e0 devenir militaires, aptes \u00e0 entrer dans un engagement contre nos voisins. <\/p>\n\n\n\n<p>Le motif n&rsquo;\u00e9tait pas officiellement pour que l&rsquo;Alsace Moselle revienne \u00e0 la France mais on avait appris \u00e0 des g\u00e9n\u00e9rations d&rsquo;enfants \u00e0 ha\u00efr les Allemands et \u00e0 se tenir pr\u00eats \u00e0 leur faire la guerre.<\/p>\n\n\n\n<p><\/p>\n\n\n\n<p>On ne peut directement faire d&rsquo;analogie avec le Dombass mais il faut prendre garde \u00e0 ce que des g\u00e9n\u00e9rations de Russes et d&rsquo;Ukrainiens ne ruminent une vengeance bien des ann\u00e9es plus tard.<\/p>\n\n\n\n<p>La paix est un ph\u00e9nom\u00e8ne qui se pr\u00e9pare. Par contre, les pacifistes n&rsquo;en sont pas forc\u00e9ment les meilleurs promoteurs.<\/p>\n\n\n\n<p>Ce programme scolaire est \u00e9crit 16 ans apr\u00e8s la Commune.<\/p>\n\n\n\n<p>Voici comment LAVISSE pr\u00e9sentait les \u00e9v\u00e8nements:<\/p>\n\n\n\n<figure class=\"wp-block-image size-full\"><img loading=\"lazy\" width=\"246\" height=\"48\" src=\"https:\/\/leviroismasque.ovh\/wp-content\/uploads\/2021\/11\/Espace-blanc-1.jpg\" alt=\"\" class=\"wp-image-264\"\/><\/figure>\n\n\n\n<figure class=\"wp-block-image size-full\"><img loading=\"lazy\" width=\"700\" height=\"813\" src=\"https:\/\/leviroismasque.ovh\/wp-content\/uploads\/2022\/05\/lavisse4.jpg\" alt=\"\" class=\"wp-image-387\" srcset=\"https:\/\/leviroismasque.com\/wp-content\/uploads\/2022\/05\/lavisse4.jpg 700w, https:\/\/leviroismasque.com\/wp-content\/uploads\/2022\/05\/lavisse4-258x300.jpg 258w\" sizes=\"(max-width: 700px) 100vw, 700px\" \/><\/figure>\n\n\n\n<figure class=\"wp-block-image size-full\"><img loading=\"lazy\" width=\"246\" height=\"48\" src=\"https:\/\/leviroismasque.ovh\/wp-content\/uploads\/2021\/11\/Espace-blanc-1.jpg\" alt=\"\" class=\"wp-image-264\"\/><figcaption>Cette pr\u00e9sentation de la Commune n&rsquo;est pas celle de l&rsquo;assembl\u00e9e \u00e0 forte tendance royaliste qui avait \u00e9t\u00e9 \u00e9lue en 1871 et avait \u00e9lev\u00e9 Adolphe Thiers comme Pr\u00e9sident de la R\u00e9publique mais une assembl\u00e9e vraiment r\u00e9publicaine:<\/figcaption><\/figure>\n\n\n\n<figure class=\"wp-block-image size-full\"><img loading=\"lazy\" width=\"246\" height=\"48\" src=\"https:\/\/leviroismasque.ovh\/wp-content\/uploads\/2021\/11\/Espace-blanc-1.jpg\" alt=\"\" class=\"wp-image-264\"\/><\/figure>\n\n\n\n<figure class=\"wp-block-image size-large\"><img loading=\"lazy\" width=\"1024\" height=\"263\" src=\"https:\/\/leviroismasque.ovh\/wp-content\/uploads\/2022\/05\/lavisse5-1024x263.jpg\" alt=\"\" class=\"wp-image-388\" srcset=\"https:\/\/leviroismasque.com\/wp-content\/uploads\/2022\/05\/lavisse5-1024x263.jpg 1024w, https:\/\/leviroismasque.com\/wp-content\/uploads\/2022\/05\/lavisse5-300x77.jpg 300w, https:\/\/leviroismasque.com\/wp-content\/uploads\/2022\/05\/lavisse5-768x197.jpg 768w, https:\/\/leviroismasque.com\/wp-content\/uploads\/2022\/05\/lavisse5.jpg 1179w\" sizes=\"(max-width: 1024px) 100vw, 1024px\" \/><\/figure>\n\n\n\n<p><\/p>\n","protected":false},"excerpt":{"rendered":"<p>En 1871, suite \u00e0 la d\u00e9faite lors de la guerre franco-prussienne, la France avait au trait\u00e9 de Francfort, \u00e9t\u00e9 oblig\u00e9e de c\u00e9der une partie de son territoire \u00e0 la Prusse, \u00e0 savoir l&rsquo;Alsace et la Moselle. En apart\u00e9, \u00e0 cette occasion, De nombreux alsaciens avaient quitt\u00e9 leur ville d&rsquo;origine, Bischwiller, pour venir s&rsquo;\u00e9tablir \u00e0 Vire.Bischwiller\u2009 [&hellip;]<\/p>\n","protected":false},"author":1,"featured_media":0,"comment_status":"open","ping_status":"open","sticky":false,"template":"","format":"standard","meta":[],"categories":[14,16],"tags":[],"yoast_head":"<!-- This site is optimized with the Yoast SEO plugin v19.0 - https:\/\/yoast.com\/wordpress\/plugins\/seo\/ -->\n<title>De l&#039;Alsace au Dombass ? - Le Virois Masqu\u00e9<\/title>\n<meta name=\"robots\" content=\"index, follow, max-snippet:-1, max-image-preview:large, max-video-preview:-1\" \/>\n<link rel=\"canonical\" href=\"https:\/\/leviroismasque.com\/index.php\/2022\/05\/18\/de-lalsace-au-dombass\/\" \/>\n<meta property=\"og:locale\" content=\"fr_FR\" \/>\n<meta property=\"og:type\" content=\"article\" \/>\n<meta property=\"og:title\" content=\"De l&#039;Alsace au Dombass ? - Le Virois Masqu\u00e9\" \/>\n<meta property=\"og:description\" content=\"En 1871, suite \u00e0 la d\u00e9faite lors de la guerre franco-prussienne, la France avait au trait\u00e9 de Francfort, \u00e9t\u00e9 oblig\u00e9e de c\u00e9der une partie de son territoire \u00e0 la Prusse, \u00e0 savoir l&rsquo;Alsace et la Moselle. En apart\u00e9, \u00e0 cette occasion, De nombreux alsaciens avaient quitt\u00e9 leur ville d&rsquo;origine, Bischwiller, pour venir s&rsquo;\u00e9tablir \u00e0 Vire.Bischwiller\u2009 [&hellip;]\" \/>\n<meta property=\"og:url\" content=\"https:\/\/leviroismasque.com\/index.php\/2022\/05\/18\/de-lalsace-au-dombass\/\" \/>\n<meta property=\"og:site_name\" content=\"Le Virois Masqu\u00e9\" \/>\n<meta property=\"article:publisher\" content=\"https:\/\/www.facebook.com\/Le-virois-masqu-102219125856936\" \/>\n<meta property=\"article:author\" content=\"https:\/\/www.facebook.com\/Le-virois-masqu-102219125856936\" \/>\n<meta property=\"article:published_time\" content=\"2022-05-18T20:21:53+00:00\" \/>\n<meta property=\"article:modified_time\" content=\"2026-03-16T12:17:38+00:00\" \/>\n<meta property=\"og:image\" content=\"https:\/\/leviroismasque.ovh\/wp-content\/uploads\/2021\/11\/Espace-blanc-1.jpg\" \/>\n<meta name=\"twitter:card\" content=\"summary_large_image\" \/>\n<meta name=\"twitter:label1\" content=\"\u00c9crit par\" \/>\n\t<meta name=\"twitter:data1\" content=\"admin3115\" \/>\n\t<meta name=\"twitter:label2\" content=\"Dur\u00e9e de lecture estim\u00e9e\" \/>\n\t<meta name=\"twitter:data2\" content=\"5 minutes\" \/>\n<script type=\"application\/ld+json\" class=\"yoast-schema-graph\">{\"@context\":\"https:\/\/schema.org\",\"@graph\":[{\"@type\":\"WebSite\",\"@id\":\"https:\/\/leviroismasque.com\/#website\",\"url\":\"https:\/\/leviroismasque.com\/\",\"name\":\"Le Virois Masqu\u00e9\",\"description\":\"\",\"publisher\":{\"@id\":\"https:\/\/leviroismasque.com\/#\/schema\/person\/c06d8f98253f756bda308e7613607a7e\"},\"potentialAction\":[{\"@type\":\"SearchAction\",\"target\":{\"@type\":\"EntryPoint\",\"urlTemplate\":\"https:\/\/leviroismasque.com\/?s={search_term_string}\"},\"query-input\":\"required name=search_term_string\"}],\"inLanguage\":\"fr-FR\"},{\"@type\":\"ImageObject\",\"inLanguage\":\"fr-FR\",\"@id\":\"https:\/\/leviroismasque.com\/index.php\/2022\/05\/18\/de-lalsace-au-dombass\/#primaryimage\",\"url\":\"https:\/\/leviroismasque.ovh\/wp-content\/uploads\/2021\/11\/Espace-blanc-1.jpg\",\"contentUrl\":\"https:\/\/leviroismasque.ovh\/wp-content\/uploads\/2021\/11\/Espace-blanc-1.jpg\"},{\"@type\":\"WebPage\",\"@id\":\"https:\/\/leviroismasque.com\/index.php\/2022\/05\/18\/de-lalsace-au-dombass\/#webpage\",\"url\":\"https:\/\/leviroismasque.com\/index.php\/2022\/05\/18\/de-lalsace-au-dombass\/\",\"name\":\"De l'Alsace au Dombass ? - Le Virois Masqu\u00e9\",\"isPartOf\":{\"@id\":\"https:\/\/leviroismasque.com\/#website\"},\"primaryImageOfPage\":{\"@id\":\"https:\/\/leviroismasque.com\/index.php\/2022\/05\/18\/de-lalsace-au-dombass\/#primaryimage\"},\"datePublished\":\"2022-05-18T20:21:53+00:00\",\"dateModified\":\"2026-03-16T12:17:38+00:00\",\"breadcrumb\":{\"@id\":\"https:\/\/leviroismasque.com\/index.php\/2022\/05\/18\/de-lalsace-au-dombass\/#breadcrumb\"},\"inLanguage\":\"fr-FR\",\"potentialAction\":[{\"@type\":\"ReadAction\",\"target\":[\"https:\/\/leviroismasque.com\/index.php\/2022\/05\/18\/de-lalsace-au-dombass\/\"]}]},{\"@type\":\"BreadcrumbList\",\"@id\":\"https:\/\/leviroismasque.com\/index.php\/2022\/05\/18\/de-lalsace-au-dombass\/#breadcrumb\",\"itemListElement\":[{\"@type\":\"ListItem\",\"position\":1,\"name\":\"Accueil\",\"item\":\"https:\/\/leviroismasque.com\/\"},{\"@type\":\"ListItem\",\"position\":2,\"name\":\"De l&rsquo;Alsace au Dombass ?\"}]},{\"@type\":\"Article\",\"@id\":\"https:\/\/leviroismasque.com\/index.php\/2022\/05\/18\/de-lalsace-au-dombass\/#article\",\"isPartOf\":{\"@id\":\"https:\/\/leviroismasque.com\/index.php\/2022\/05\/18\/de-lalsace-au-dombass\/#webpage\"},\"author\":{\"@id\":\"https:\/\/leviroismasque.com\/#\/schema\/person\/c06d8f98253f756bda308e7613607a7e\"},\"headline\":\"De l&rsquo;Alsace au Dombass ?\",\"datePublished\":\"2022-05-18T20:21:53+00:00\",\"dateModified\":\"2026-03-16T12:17:38+00:00\",\"mainEntityOfPage\":{\"@id\":\"https:\/\/leviroismasque.com\/index.php\/2022\/05\/18\/de-lalsace-au-dombass\/#webpage\"},\"wordCount\":354,\"commentCount\":0,\"publisher\":{\"@id\":\"https:\/\/leviroismasque.com\/#\/schema\/person\/c06d8f98253f756bda308e7613607a7e\"},\"image\":{\"@id\":\"https:\/\/leviroismasque.com\/index.php\/2022\/05\/18\/de-lalsace-au-dombass\/#primaryimage\"},\"thumbnailUrl\":\"https:\/\/leviroismasque.ovh\/wp-content\/uploads\/2021\/11\/Espace-blanc-1.jpg\",\"articleSection\":[\"Histoire\",\"Politique nationale\"],\"inLanguage\":\"fr-FR\",\"potentialAction\":[{\"@type\":\"CommentAction\",\"name\":\"Comment\",\"target\":[\"https:\/\/leviroismasque.com\/index.php\/2022\/05\/18\/de-lalsace-au-dombass\/#respond\"]}]},{\"@type\":[\"Person\",\"Organization\"],\"@id\":\"https:\/\/leviroismasque.com\/#\/schema\/person\/c06d8f98253f756bda308e7613607a7e\",\"name\":\"admin3115\",\"image\":{\"@type\":\"ImageObject\",\"inLanguage\":\"fr-FR\",\"@id\":\"https:\/\/leviroismasque.com\/#\/schema\/person\/image\/\",\"url\":\"https:\/\/leviroismasque.ovh\/wp-content\/uploads\/2021\/10\/cropped-lvm.gif\",\"contentUrl\":\"https:\/\/leviroismasque.ovh\/wp-content\/uploads\/2021\/10\/cropped-lvm.gif\",\"width\":512,\"height\":512,\"caption\":\"admin3115\"},\"logo\":{\"@id\":\"https:\/\/leviroismasque.com\/#\/schema\/person\/image\/\"},\"sameAs\":[\"http:\/\/tsamiyu.cluster031.hosting.ovh.net\",\"https:\/\/www.facebook.com\/Le-virois-masqu-102219125856936\"],\"url\":\"https:\/\/leviroismasque.com\/index.php\/author\/admin3115\/\"}]}<\/script>\n<!-- \/ Yoast SEO plugin. -->","yoast_head_json":{"title":"De l'Alsace au Dombass ? - Le Virois Masqu\u00e9","robots":{"index":"index","follow":"follow","max-snippet":"max-snippet:-1","max-image-preview":"max-image-preview:large","max-video-preview":"max-video-preview:-1"},"canonical":"https:\/\/leviroismasque.com\/index.php\/2022\/05\/18\/de-lalsace-au-dombass\/","og_locale":"fr_FR","og_type":"article","og_title":"De l'Alsace au Dombass ? - Le Virois Masqu\u00e9","og_description":"En 1871, suite \u00e0 la d\u00e9faite lors de la guerre franco-prussienne, la France avait au trait\u00e9 de Francfort, \u00e9t\u00e9 oblig\u00e9e de c\u00e9der une partie de son territoire \u00e0 la Prusse, \u00e0 savoir l&rsquo;Alsace et la Moselle. En apart\u00e9, \u00e0 cette occasion, De nombreux alsaciens avaient quitt\u00e9 leur ville d&rsquo;origine, Bischwiller, pour venir s&rsquo;\u00e9tablir \u00e0 Vire.Bischwiller\u2009 [&hellip;]","og_url":"https:\/\/leviroismasque.com\/index.php\/2022\/05\/18\/de-lalsace-au-dombass\/","og_site_name":"Le Virois Masqu\u00e9","article_publisher":"https:\/\/www.facebook.com\/Le-virois-masqu-102219125856936","article_author":"https:\/\/www.facebook.com\/Le-virois-masqu-102219125856936","article_published_time":"2022-05-18T20:21:53+00:00","article_modified_time":"2026-03-16T12:17:38+00:00","og_image":[{"url":"https:\/\/leviroismasque.ovh\/wp-content\/uploads\/2021\/11\/Espace-blanc-1.jpg"}],"twitter_card":"summary_large_image","twitter_misc":{"\u00c9crit par":"admin3115","Dur\u00e9e de lecture estim\u00e9e":"5 minutes"},"schema":{"@context":"https:\/\/schema.org","@graph":[{"@type":"WebSite","@id":"https:\/\/leviroismasque.com\/#website","url":"https:\/\/leviroismasque.com\/","name":"Le Virois Masqu\u00e9","description":"","publisher":{"@id":"https:\/\/leviroismasque.com\/#\/schema\/person\/c06d8f98253f756bda308e7613607a7e"},"potentialAction":[{"@type":"SearchAction","target":{"@type":"EntryPoint","urlTemplate":"https:\/\/leviroismasque.com\/?s={search_term_string}"},"query-input":"required name=search_term_string"}],"inLanguage":"fr-FR"},{"@type":"ImageObject","inLanguage":"fr-FR","@id":"https:\/\/leviroismasque.com\/index.php\/2022\/05\/18\/de-lalsace-au-dombass\/#primaryimage","url":"https:\/\/leviroismasque.ovh\/wp-content\/uploads\/2021\/11\/Espace-blanc-1.jpg","contentUrl":"https:\/\/leviroismasque.ovh\/wp-content\/uploads\/2021\/11\/Espace-blanc-1.jpg"},{"@type":"WebPage","@id":"https:\/\/leviroismasque.com\/index.php\/2022\/05\/18\/de-lalsace-au-dombass\/#webpage","url":"https:\/\/leviroismasque.com\/index.php\/2022\/05\/18\/de-lalsace-au-dombass\/","name":"De l'Alsace au Dombass ? - Le Virois Masqu\u00e9","isPartOf":{"@id":"https:\/\/leviroismasque.com\/#website"},"primaryImageOfPage":{"@id":"https:\/\/leviroismasque.com\/index.php\/2022\/05\/18\/de-lalsace-au-dombass\/#primaryimage"},"datePublished":"2022-05-18T20:21:53+00:00","dateModified":"2026-03-16T12:17:38+00:00","breadcrumb":{"@id":"https:\/\/leviroismasque.com\/index.php\/2022\/05\/18\/de-lalsace-au-dombass\/#breadcrumb"},"inLanguage":"fr-FR","potentialAction":[{"@type":"ReadAction","target":["https:\/\/leviroismasque.com\/index.php\/2022\/05\/18\/de-lalsace-au-dombass\/"]}]},{"@type":"BreadcrumbList","@id":"https:\/\/leviroismasque.com\/index.php\/2022\/05\/18\/de-lalsace-au-dombass\/#breadcrumb","itemListElement":[{"@type":"ListItem","position":1,"name":"Accueil","item":"https:\/\/leviroismasque.com\/"},{"@type":"ListItem","position":2,"name":"De l&rsquo;Alsace au Dombass ?"}]},{"@type":"Article","@id":"https:\/\/leviroismasque.com\/index.php\/2022\/05\/18\/de-lalsace-au-dombass\/#article","isPartOf":{"@id":"https:\/\/leviroismasque.com\/index.php\/2022\/05\/18\/de-lalsace-au-dombass\/#webpage"},"author":{"@id":"https:\/\/leviroismasque.com\/#\/schema\/person\/c06d8f98253f756bda308e7613607a7e"},"headline":"De l&rsquo;Alsace au Dombass ?","datePublished":"2022-05-18T20:21:53+00:00","dateModified":"2026-03-16T12:17:38+00:00","mainEntityOfPage":{"@id":"https:\/\/leviroismasque.com\/index.php\/2022\/05\/18\/de-lalsace-au-dombass\/#webpage"},"wordCount":354,"commentCount":0,"publisher":{"@id":"https:\/\/leviroismasque.com\/#\/schema\/person\/c06d8f98253f756bda308e7613607a7e"},"image":{"@id":"https:\/\/leviroismasque.com\/index.php\/2022\/05\/18\/de-lalsace-au-dombass\/#primaryimage"},"thumbnailUrl":"https:\/\/leviroismasque.ovh\/wp-content\/uploads\/2021\/11\/Espace-blanc-1.jpg","articleSection":["Histoire","Politique nationale"],"inLanguage":"fr-FR","potentialAction":[{"@type":"CommentAction","name":"Comment","target":["https:\/\/leviroismasque.com\/index.php\/2022\/05\/18\/de-lalsace-au-dombass\/#respond"]}]},{"@type":["Person","Organization"],"@id":"https:\/\/leviroismasque.com\/#\/schema\/person\/c06d8f98253f756bda308e7613607a7e","name":"admin3115","image":{"@type":"ImageObject","inLanguage":"fr-FR","@id":"https:\/\/leviroismasque.com\/#\/schema\/person\/image\/","url":"https:\/\/leviroismasque.ovh\/wp-content\/uploads\/2021\/10\/cropped-lvm.gif","contentUrl":"https:\/\/leviroismasque.ovh\/wp-content\/uploads\/2021\/10\/cropped-lvm.gif","width":512,"height":512,"caption":"admin3115"},"logo":{"@id":"https:\/\/leviroismasque.com\/#\/schema\/person\/image\/"},"sameAs":["http:\/\/tsamiyu.cluster031.hosting.ovh.net","https:\/\/www.facebook.com\/Le-virois-masqu-102219125856936"],"url":"https:\/\/leviroismasque.com\/index.php\/author\/admin3115\/"}]}},"_links":{"self":[{"href":"https:\/\/leviroismasque.com\/index.php\/wp-json\/wp\/v2\/posts\/382"}],"collection":[{"href":"https:\/\/leviroismasque.com\/index.php\/wp-json\/wp\/v2\/posts"}],"about":[{"href":"https:\/\/leviroismasque.com\/index.php\/wp-json\/wp\/v2\/types\/post"}],"author":[{"embeddable":true,"href":"https:\/\/leviroismasque.com\/index.php\/wp-json\/wp\/v2\/users\/1"}],"replies":[{"embeddable":true,"href":"https:\/\/leviroismasque.com\/index.php\/wp-json\/wp\/v2\/comments?post=382"}],"version-history":[{"count":4,"href":"https:\/\/leviroismasque.com\/index.php\/wp-json\/wp\/v2\/posts\/382\/revisions"}],"predecessor-version":[{"id":2306,"href":"https:\/\/leviroismasque.com\/index.php\/wp-json\/wp\/v2\/posts\/382\/revisions\/2306"}],"wp:attachment":[{"href":"https:\/\/leviroismasque.com\/index.php\/wp-json\/wp\/v2\/media?parent=382"}],"wp:term":[{"taxonomy":"category","embeddable":true,"href":"https:\/\/leviroismasque.com\/index.php\/wp-json\/wp\/v2\/categories?post=382"},{"taxonomy":"post_tag","embeddable":true,"href":"https:\/\/leviroismasque.com\/index.php\/wp-json\/wp\/v2\/tags?post=382"}],"curies":[{"name":"wp","href":"https:\/\/api.w.org\/{rel}","templated":true}]}}