{"id":652,"date":"2022-12-13T18:06:57","date_gmt":"2022-12-13T17:06:57","guid":{"rendered":"https:\/\/leviroismasque.com\/?p=652"},"modified":"2026-03-16T00:09:27","modified_gmt":"2026-03-15T23:09:27","slug":"la-capitole-a-caen","status":"publish","type":"post","link":"https:\/\/leviroismasque.com\/index.php\/2022\/12\/13\/la-capitole-a-caen\/","title":{"rendered":"Le Capitole \u00e0 Caen ???"},"content":{"rendered":"\n<p>Tout le monde connait cet \u00e9v\u00e8nement qui a eu un retentissement plan\u00e9taire.<br><\/p>\n\n\n\n<p>Le 6 janvier 2021, \u00e0 Washington, des \u00e9meutiers envahissent le Capitole pour contester la validation de la d\u00e9cision des \u00e9lecteurs am\u00e9ricains.<\/p>\n\n\n\n<p>Ils investissent les lieux afin d&#8217;emp\u00eacher la proc\u00e9dure et occupent m\u00eame les si\u00e8ges des \u00e9lus.<\/p>\n\n\n\n<p>Certains se mettent m\u00eame en chasse de certains \u00e9lus afin de les violenter.<\/p>\n\n\n\n<figure class=\"wp-block-image size-full\"><img loading=\"lazy\" width=\"500\" height=\"361\" src=\"https:\/\/leviroismasque.com\/wp-content\/uploads\/2022\/12\/capitole.jpg\" alt=\"\" class=\"wp-image-653\" srcset=\"https:\/\/leviroismasque.com\/wp-content\/uploads\/2022\/12\/capitole.jpg 500w, https:\/\/leviroismasque.com\/wp-content\/uploads\/2022\/12\/capitole-300x217.jpg 300w\" sizes=\"(max-width: 500px) 100vw, 500px\" \/><figcaption> <\/figcaption><\/figure>\n\n\n\n<p>Ce lundi 12 d\u00e9cembre 2022, au Conseil G\u00e9n\u00e9ral du Calvados, \u00e0 Caen, nous avons assist\u00e9 \u00e0 une manifestation similaire.<\/p>\n\n\n\n<p>Donc une centaine de manifestants ont investi le si\u00e8ge du Conseil G\u00e9n\u00e9ral, d&rsquo;abord en protestant, puis en emp\u00eachant la d\u00e9lib\u00e9ration puis occupant m\u00eame les si\u00e8ges des \u00e9lus.<\/p>\n\n\n\n<p>\u00ab\u00a0Chaos\u00a0\u00bb est le terme m\u00eame utilis\u00e9 par Christophe LECUYER ce matin 13 d\u00e9cembre sur Vire FM.<br><\/p>\n\n\n\n<p>Ils nous ont heureusement \u00e9pargn\u00e9 la derni\u00e8re phase encore plus violente du Capitole.<br><\/p>\n\n\n\n<figure class=\"wp-block-image size-full\"><img loading=\"lazy\" width=\"623\" height=\"315\" src=\"https:\/\/leviroismasque.com\/wp-content\/uploads\/2022\/12\/capitole2.jpg\" alt=\"\" class=\"wp-image-665\" srcset=\"https:\/\/leviroismasque.com\/wp-content\/uploads\/2022\/12\/capitole2.jpg 623w, https:\/\/leviroismasque.com\/wp-content\/uploads\/2022\/12\/capitole2-300x152.jpg 300w\" sizes=\"(max-width: 623px) 100vw, 623px\" \/><\/figure>\n\n\n\n<p>Il faut tout de m\u00eame se rappeler en quoi consiste notre syst\u00e8me politique. Il s&rsquo;agit d&rsquo;une d\u00e9mocratie repr\u00e9sentative. Nous d\u00e9l\u00e9guons en tant qu&rsquo;\u00e9lecteurs notre pouvoir \u00e0 des \u00e9lus qui prennent des d\u00e9cisions.<\/p>\n\n\n\n<p>Si ces d\u00e9cisions ne nous conviennent pas, nous pouvons manifester notre m\u00e9contentement par voie de presse, dans la rue et en ne reconduisant pas leur mandat lors des \u00e9lections suivantes.<\/p>\n\n\n\n<p>Les emp\u00eacher de prendre des d\u00e9cisions comme cela s&rsquo;est fait est un coup de force qu&rsquo;on peut apparenter \u00e0 une tentative de coup d&rsquo;\u00e9tat.<\/p>\n\n\n\n<p>Des \u00e9lus ont refus\u00e9 de prendre part au vote en raison de l&rsquo;\u00e9vacuation des lieux par la police:<\/p>\n\n\n\n<p><\/p>\n\n\n\n<figure class=\"wp-block-audio\"><audio controls src=\"https:\/\/leviroismasque.com\/wp-content\/uploads\/2022\/12\/capitole1.mp3\"><\/audio><\/figure>\n\n\n\n<p>C&rsquo;est \u00e0 dire qu&rsquo;ils validaient ce type d&rsquo;action.<\/p>\n\n\n\n<p>Vraiment curieux pour des \u00e9lus de la R\u00e9publique.<\/p>\n\n\n\n<p>Imagine t&rsquo;on des d\u00e9put\u00e9s \u00e0 l&rsquo;Assembl\u00e9e Nationale protester contre l&rsquo;\u00e9vacuation de manifestants occupant leurs si\u00e8ges ?<\/p>\n\n\n\n<p>Puis je ainsi si je ne suis pas d&rsquo;accord avec une d\u00e9cision du conseil de Vire arriver et occuper un si\u00e8ge d&rsquo;un conseiller municipal sans me faire \u00e9vacuer ?<\/p>\n\n\n\n<p>Est ce l\u00e0 leur conception de la d\u00e9mocratie ?<\/p>\n\n\n\n<p>Je ne sais pas si dans les manifestants il y avait des professeurs d&rsquo;instruction civique mais l&rsquo;exemple donn\u00e9 aux \u00e9l\u00e8ves pr\u00e9sents dans l\u2019assembl\u00e9e \u00e9tait d\u00e9plorable si on veut s&rsquo;accorder un euph\u00e9misme.<\/p>\n\n\n\n<p>Ce billet ne juge pas le fond mais la forme que nous jugeons inadmissible.<\/p>\n\n\n\n<p>Pour le fond, difficile d&rsquo;avoir un avis. Le pr\u00e9sident du d\u00e9partement n&rsquo;a pas pr\u00e9sent\u00e9 la situation au d\u00e9part.<\/p>\n\n\n\n<p>Et quand il est enfin descendu discuter avec des parents, ceux ci ont refus\u00e9 de l&rsquo;entendre, couvrant ses dires.<\/p>\n\n\n\n<p>Alors ces parents pouvaient toujours scander hier:<\/p>\n\n\n\n<figure class=\"wp-block-audio\"><audio controls src=\"https:\/\/leviroismasque.com\/wp-content\/uploads\/2022\/12\/capitole2.mp3\"><\/audio><\/figure>\n\n\n\n<p>Quand on veut se concerter, on s&rsquo;\u00e9coute.<\/p>\n\n\n\n<p>Et je ne parle pas des professeurs qui ont refus\u00e9 la rencontre avec les responsables de l&rsquo;acad\u00e9mie.<\/p>\n\n\n\n<p>Et derri\u00e8re, les vautours politiques guettent en esp\u00e9rant profiter des cons\u00e9quences.<\/p>\n\n\n\n<p>Certains demandent d\u00e9j\u00e0 la d\u00e9mission du maire.<\/p>\n\n\n\n<p>D&rsquo;autres non. Mais le maire \u00e9tait il le seul \u00e0 \u00eatre au courant de cette affaire dans la majorit\u00e9 municipale comme le pense une ex adjointe ?<\/p>\n\n\n\n<p><\/p>\n\n\n\n<p>PS voici pioch\u00e9 sue le site \u00ab\u00a0Non \u00e0 la fermeture du coll\u00e8ge du Val de Vire\u00a0\u00bb qui justifie le titre de ce billet:<\/p>\n\n\n\n<p><\/p>\n\n\n\n<p><\/p>\n\n\n\n<p><a href=\"https:\/\/www.facebook.com\/profile.php?id=100085444338759&amp;__cft__[0]=AZVl6QlWrf4leZn1IRFdXLx65yzvXZQZ_HEkflhNwYhyRBX7VYvRpGiMQSTf7CFF6htLNZcTNsMbyTddXpbQzoH8crzDE72DPxy7qsXThgleyUXbWxaOVZtqQ_Pw7LcLj-yzfzUA5NQSaCsae9Op6XslfX5T7az-E47VlY12EnbmNg&amp;__tn__=%3C%2CP-R\"><\/a><\/p>\n\n\n\n<figure class=\"wp-block-image size-full\"><img loading=\"lazy\" width=\"680\" height=\"194\" src=\"https:\/\/leviroismasque.com\/wp-content\/uploads\/2022\/12\/capitole3.jpg\" alt=\"\" class=\"wp-image-669\" srcset=\"https:\/\/leviroismasque.com\/wp-content\/uploads\/2022\/12\/capitole3.jpg 680w, https:\/\/leviroismasque.com\/wp-content\/uploads\/2022\/12\/capitole3-300x86.jpg 300w\" sizes=\"(max-width: 680px) 100vw, 680px\" \/><\/figure>\n\n\n\n<p><\/p>\n","protected":false},"excerpt":{"rendered":"<p>Tout le monde connait cet \u00e9v\u00e8nement qui a eu un retentissement plan\u00e9taire. Le 6 janvier 2021, \u00e0 Washington, des \u00e9meutiers envahissent le Capitole pour contester la validation de la d\u00e9cision des \u00e9lecteurs am\u00e9ricains. Ils investissent les lieux afin d&#8217;emp\u00eacher la proc\u00e9dure et occupent m\u00eame les si\u00e8ges des \u00e9lus. Certains se mettent m\u00eame en chasse de [&hellip;]<\/p>\n","protected":false},"author":1,"featured_media":0,"comment_status":"open","ping_status":"open","sticky":false,"template":"","format":"standard","meta":[],"categories":[18,12],"tags":[],"yoast_head":"<!-- This site is optimized with the Yoast SEO plugin v19.0 - https:\/\/yoast.com\/wordpress\/plugins\/seo\/ -->\n<title>Le Capitole \u00e0 Caen ??? - Le Virois Masqu\u00e9<\/title>\n<meta name=\"robots\" content=\"index, follow, max-snippet:-1, max-image-preview:large, max-video-preview:-1\" \/>\n<link rel=\"canonical\" href=\"https:\/\/leviroismasque.com\/index.php\/2022\/12\/13\/la-capitole-a-caen\/\" \/>\n<meta property=\"og:locale\" content=\"fr_FR\" \/>\n<meta property=\"og:type\" content=\"article\" \/>\n<meta property=\"og:title\" content=\"Le Capitole \u00e0 Caen ??? - Le Virois Masqu\u00e9\" \/>\n<meta property=\"og:description\" content=\"Tout le monde connait cet \u00e9v\u00e8nement qui a eu un retentissement plan\u00e9taire. Le 6 janvier 2021, \u00e0 Washington, des \u00e9meutiers envahissent le Capitole pour contester la validation de la d\u00e9cision des \u00e9lecteurs am\u00e9ricains. Ils investissent les lieux afin d&#8217;emp\u00eacher la proc\u00e9dure et occupent m\u00eame les si\u00e8ges des \u00e9lus. Certains se mettent m\u00eame en chasse de [&hellip;]\" \/>\n<meta property=\"og:url\" content=\"https:\/\/leviroismasque.com\/index.php\/2022\/12\/13\/la-capitole-a-caen\/\" \/>\n<meta property=\"og:site_name\" content=\"Le Virois Masqu\u00e9\" \/>\n<meta property=\"article:publisher\" content=\"https:\/\/www.facebook.com\/Le-virois-masqu-102219125856936\" \/>\n<meta property=\"article:author\" content=\"https:\/\/www.facebook.com\/Le-virois-masqu-102219125856936\" \/>\n<meta property=\"article:published_time\" content=\"2022-12-13T17:06:57+00:00\" \/>\n<meta property=\"article:modified_time\" content=\"2026-03-15T23:09:27+00:00\" \/>\n<meta property=\"og:image\" content=\"https:\/\/leviroismasque.com\/wp-content\/uploads\/2022\/12\/capitole.jpg\" \/>\n<meta name=\"twitter:card\" content=\"summary_large_image\" \/>\n<meta name=\"twitter:label1\" content=\"\u00c9crit par\" \/>\n\t<meta name=\"twitter:data1\" content=\"admin3115\" \/>\n\t<meta name=\"twitter:label2\" content=\"Dur\u00e9e de lecture estim\u00e9e\" \/>\n\t<meta name=\"twitter:data2\" content=\"4 minutes\" \/>\n<script type=\"application\/ld+json\" class=\"yoast-schema-graph\">{\"@context\":\"https:\/\/schema.org\",\"@graph\":[{\"@type\":\"WebSite\",\"@id\":\"https:\/\/leviroismasque.com\/#website\",\"url\":\"https:\/\/leviroismasque.com\/\",\"name\":\"Le Virois Masqu\u00e9\",\"description\":\"\",\"publisher\":{\"@id\":\"https:\/\/leviroismasque.com\/#\/schema\/person\/c06d8f98253f756bda308e7613607a7e\"},\"potentialAction\":[{\"@type\":\"SearchAction\",\"target\":{\"@type\":\"EntryPoint\",\"urlTemplate\":\"https:\/\/leviroismasque.com\/?s={search_term_string}\"},\"query-input\":\"required name=search_term_string\"}],\"inLanguage\":\"fr-FR\"},{\"@type\":\"ImageObject\",\"inLanguage\":\"fr-FR\",\"@id\":\"https:\/\/leviroismasque.com\/index.php\/2022\/12\/13\/la-capitole-a-caen\/#primaryimage\",\"url\":\"https:\/\/leviroismasque.com\/wp-content\/uploads\/2022\/12\/capitole.jpg\",\"contentUrl\":\"https:\/\/leviroismasque.com\/wp-content\/uploads\/2022\/12\/capitole.jpg\",\"width\":500,\"height\":361},{\"@type\":\"WebPage\",\"@id\":\"https:\/\/leviroismasque.com\/index.php\/2022\/12\/13\/la-capitole-a-caen\/#webpage\",\"url\":\"https:\/\/leviroismasque.com\/index.php\/2022\/12\/13\/la-capitole-a-caen\/\",\"name\":\"Le Capitole \u00e0 Caen ??? - Le Virois Masqu\u00e9\",\"isPartOf\":{\"@id\":\"https:\/\/leviroismasque.com\/#website\"},\"primaryImageOfPage\":{\"@id\":\"https:\/\/leviroismasque.com\/index.php\/2022\/12\/13\/la-capitole-a-caen\/#primaryimage\"},\"datePublished\":\"2022-12-13T17:06:57+00:00\",\"dateModified\":\"2026-03-15T23:09:27+00:00\",\"breadcrumb\":{\"@id\":\"https:\/\/leviroismasque.com\/index.php\/2022\/12\/13\/la-capitole-a-caen\/#breadcrumb\"},\"inLanguage\":\"fr-FR\",\"potentialAction\":[{\"@type\":\"ReadAction\",\"target\":[\"https:\/\/leviroismasque.com\/index.php\/2022\/12\/13\/la-capitole-a-caen\/\"]}]},{\"@type\":\"BreadcrumbList\",\"@id\":\"https:\/\/leviroismasque.com\/index.php\/2022\/12\/13\/la-capitole-a-caen\/#breadcrumb\",\"itemListElement\":[{\"@type\":\"ListItem\",\"position\":1,\"name\":\"Accueil\",\"item\":\"https:\/\/leviroismasque.com\/\"},{\"@type\":\"ListItem\",\"position\":2,\"name\":\"Le Capitole \u00e0 Caen ???\"}]},{\"@type\":\"Article\",\"@id\":\"https:\/\/leviroismasque.com\/index.php\/2022\/12\/13\/la-capitole-a-caen\/#article\",\"isPartOf\":{\"@id\":\"https:\/\/leviroismasque.com\/index.php\/2022\/12\/13\/la-capitole-a-caen\/#webpage\"},\"author\":{\"@id\":\"https:\/\/leviroismasque.com\/#\/schema\/person\/c06d8f98253f756bda308e7613607a7e\"},\"headline\":\"Le Capitole \u00e0 Caen ???\",\"datePublished\":\"2022-12-13T17:06:57+00:00\",\"dateModified\":\"2026-03-15T23:09:27+00:00\",\"mainEntityOfPage\":{\"@id\":\"https:\/\/leviroismasque.com\/index.php\/2022\/12\/13\/la-capitole-a-caen\/#webpage\"},\"wordCount\":540,\"commentCount\":0,\"publisher\":{\"@id\":\"https:\/\/leviroismasque.com\/#\/schema\/person\/c06d8f98253f756bda308e7613607a7e\"},\"image\":{\"@id\":\"https:\/\/leviroismasque.com\/index.php\/2022\/12\/13\/la-capitole-a-caen\/#primaryimage\"},\"thumbnailUrl\":\"https:\/\/leviroismasque.com\/wp-content\/uploads\/2022\/12\/capitole.jpg\",\"articleSection\":[\"Politique locale\",\"Ville de Vire\"],\"inLanguage\":\"fr-FR\",\"potentialAction\":[{\"@type\":\"CommentAction\",\"name\":\"Comment\",\"target\":[\"https:\/\/leviroismasque.com\/index.php\/2022\/12\/13\/la-capitole-a-caen\/#respond\"]}]},{\"@type\":[\"Person\",\"Organization\"],\"@id\":\"https:\/\/leviroismasque.com\/#\/schema\/person\/c06d8f98253f756bda308e7613607a7e\",\"name\":\"admin3115\",\"image\":{\"@type\":\"ImageObject\",\"inLanguage\":\"fr-FR\",\"@id\":\"https:\/\/leviroismasque.com\/#\/schema\/person\/image\/\",\"url\":\"https:\/\/leviroismasque.ovh\/wp-content\/uploads\/2021\/10\/cropped-lvm.gif\",\"contentUrl\":\"https:\/\/leviroismasque.ovh\/wp-content\/uploads\/2021\/10\/cropped-lvm.gif\",\"width\":512,\"height\":512,\"caption\":\"admin3115\"},\"logo\":{\"@id\":\"https:\/\/leviroismasque.com\/#\/schema\/person\/image\/\"},\"sameAs\":[\"http:\/\/tsamiyu.cluster031.hosting.ovh.net\",\"https:\/\/www.facebook.com\/Le-virois-masqu-102219125856936\"],\"url\":\"https:\/\/leviroismasque.com\/index.php\/author\/admin3115\/\"}]}<\/script>\n<!-- \/ Yoast SEO plugin. -->","yoast_head_json":{"title":"Le Capitole \u00e0 Caen ??? - Le Virois Masqu\u00e9","robots":{"index":"index","follow":"follow","max-snippet":"max-snippet:-1","max-image-preview":"max-image-preview:large","max-video-preview":"max-video-preview:-1"},"canonical":"https:\/\/leviroismasque.com\/index.php\/2022\/12\/13\/la-capitole-a-caen\/","og_locale":"fr_FR","og_type":"article","og_title":"Le Capitole \u00e0 Caen ??? - Le Virois Masqu\u00e9","og_description":"Tout le monde connait cet \u00e9v\u00e8nement qui a eu un retentissement plan\u00e9taire. Le 6 janvier 2021, \u00e0 Washington, des \u00e9meutiers envahissent le Capitole pour contester la validation de la d\u00e9cision des \u00e9lecteurs am\u00e9ricains. Ils investissent les lieux afin d&#8217;emp\u00eacher la proc\u00e9dure et occupent m\u00eame les si\u00e8ges des \u00e9lus. Certains se mettent m\u00eame en chasse de [&hellip;]","og_url":"https:\/\/leviroismasque.com\/index.php\/2022\/12\/13\/la-capitole-a-caen\/","og_site_name":"Le Virois Masqu\u00e9","article_publisher":"https:\/\/www.facebook.com\/Le-virois-masqu-102219125856936","article_author":"https:\/\/www.facebook.com\/Le-virois-masqu-102219125856936","article_published_time":"2022-12-13T17:06:57+00:00","article_modified_time":"2026-03-15T23:09:27+00:00","og_image":[{"url":"https:\/\/leviroismasque.com\/wp-content\/uploads\/2022\/12\/capitole.jpg"}],"twitter_card":"summary_large_image","twitter_misc":{"\u00c9crit par":"admin3115","Dur\u00e9e de lecture estim\u00e9e":"4 minutes"},"schema":{"@context":"https:\/\/schema.org","@graph":[{"@type":"WebSite","@id":"https:\/\/leviroismasque.com\/#website","url":"https:\/\/leviroismasque.com\/","name":"Le Virois Masqu\u00e9","description":"","publisher":{"@id":"https:\/\/leviroismasque.com\/#\/schema\/person\/c06d8f98253f756bda308e7613607a7e"},"potentialAction":[{"@type":"SearchAction","target":{"@type":"EntryPoint","urlTemplate":"https:\/\/leviroismasque.com\/?s={search_term_string}"},"query-input":"required name=search_term_string"}],"inLanguage":"fr-FR"},{"@type":"ImageObject","inLanguage":"fr-FR","@id":"https:\/\/leviroismasque.com\/index.php\/2022\/12\/13\/la-capitole-a-caen\/#primaryimage","url":"https:\/\/leviroismasque.com\/wp-content\/uploads\/2022\/12\/capitole.jpg","contentUrl":"https:\/\/leviroismasque.com\/wp-content\/uploads\/2022\/12\/capitole.jpg","width":500,"height":361},{"@type":"WebPage","@id":"https:\/\/leviroismasque.com\/index.php\/2022\/12\/13\/la-capitole-a-caen\/#webpage","url":"https:\/\/leviroismasque.com\/index.php\/2022\/12\/13\/la-capitole-a-caen\/","name":"Le Capitole \u00e0 Caen ??? - Le Virois Masqu\u00e9","isPartOf":{"@id":"https:\/\/leviroismasque.com\/#website"},"primaryImageOfPage":{"@id":"https:\/\/leviroismasque.com\/index.php\/2022\/12\/13\/la-capitole-a-caen\/#primaryimage"},"datePublished":"2022-12-13T17:06:57+00:00","dateModified":"2026-03-15T23:09:27+00:00","breadcrumb":{"@id":"https:\/\/leviroismasque.com\/index.php\/2022\/12\/13\/la-capitole-a-caen\/#breadcrumb"},"inLanguage":"fr-FR","potentialAction":[{"@type":"ReadAction","target":["https:\/\/leviroismasque.com\/index.php\/2022\/12\/13\/la-capitole-a-caen\/"]}]},{"@type":"BreadcrumbList","@id":"https:\/\/leviroismasque.com\/index.php\/2022\/12\/13\/la-capitole-a-caen\/#breadcrumb","itemListElement":[{"@type":"ListItem","position":1,"name":"Accueil","item":"https:\/\/leviroismasque.com\/"},{"@type":"ListItem","position":2,"name":"Le Capitole \u00e0 Caen ???"}]},{"@type":"Article","@id":"https:\/\/leviroismasque.com\/index.php\/2022\/12\/13\/la-capitole-a-caen\/#article","isPartOf":{"@id":"https:\/\/leviroismasque.com\/index.php\/2022\/12\/13\/la-capitole-a-caen\/#webpage"},"author":{"@id":"https:\/\/leviroismasque.com\/#\/schema\/person\/c06d8f98253f756bda308e7613607a7e"},"headline":"Le Capitole \u00e0 Caen ???","datePublished":"2022-12-13T17:06:57+00:00","dateModified":"2026-03-15T23:09:27+00:00","mainEntityOfPage":{"@id":"https:\/\/leviroismasque.com\/index.php\/2022\/12\/13\/la-capitole-a-caen\/#webpage"},"wordCount":540,"commentCount":0,"publisher":{"@id":"https:\/\/leviroismasque.com\/#\/schema\/person\/c06d8f98253f756bda308e7613607a7e"},"image":{"@id":"https:\/\/leviroismasque.com\/index.php\/2022\/12\/13\/la-capitole-a-caen\/#primaryimage"},"thumbnailUrl":"https:\/\/leviroismasque.com\/wp-content\/uploads\/2022\/12\/capitole.jpg","articleSection":["Politique locale","Ville de Vire"],"inLanguage":"fr-FR","potentialAction":[{"@type":"CommentAction","name":"Comment","target":["https:\/\/leviroismasque.com\/index.php\/2022\/12\/13\/la-capitole-a-caen\/#respond"]}]},{"@type":["Person","Organization"],"@id":"https:\/\/leviroismasque.com\/#\/schema\/person\/c06d8f98253f756bda308e7613607a7e","name":"admin3115","image":{"@type":"ImageObject","inLanguage":"fr-FR","@id":"https:\/\/leviroismasque.com\/#\/schema\/person\/image\/","url":"https:\/\/leviroismasque.ovh\/wp-content\/uploads\/2021\/10\/cropped-lvm.gif","contentUrl":"https:\/\/leviroismasque.ovh\/wp-content\/uploads\/2021\/10\/cropped-lvm.gif","width":512,"height":512,"caption":"admin3115"},"logo":{"@id":"https:\/\/leviroismasque.com\/#\/schema\/person\/image\/"},"sameAs":["http:\/\/tsamiyu.cluster031.hosting.ovh.net","https:\/\/www.facebook.com\/Le-virois-masqu-102219125856936"],"url":"https:\/\/leviroismasque.com\/index.php\/author\/admin3115\/"}]}},"_links":{"self":[{"href":"https:\/\/leviroismasque.com\/index.php\/wp-json\/wp\/v2\/posts\/652"}],"collection":[{"href":"https:\/\/leviroismasque.com\/index.php\/wp-json\/wp\/v2\/posts"}],"about":[{"href":"https:\/\/leviroismasque.com\/index.php\/wp-json\/wp\/v2\/types\/post"}],"author":[{"embeddable":true,"href":"https:\/\/leviroismasque.com\/index.php\/wp-json\/wp\/v2\/users\/1"}],"replies":[{"embeddable":true,"href":"https:\/\/leviroismasque.com\/index.php\/wp-json\/wp\/v2\/comments?post=652"}],"version-history":[{"count":9,"href":"https:\/\/leviroismasque.com\/index.php\/wp-json\/wp\/v2\/posts\/652\/revisions"}],"predecessor-version":[{"id":2283,"href":"https:\/\/leviroismasque.com\/index.php\/wp-json\/wp\/v2\/posts\/652\/revisions\/2283"}],"wp:attachment":[{"href":"https:\/\/leviroismasque.com\/index.php\/wp-json\/wp\/v2\/media?parent=652"}],"wp:term":[{"taxonomy":"category","embeddable":true,"href":"https:\/\/leviroismasque.com\/index.php\/wp-json\/wp\/v2\/categories?post=652"},{"taxonomy":"post_tag","embeddable":true,"href":"https:\/\/leviroismasque.com\/index.php\/wp-json\/wp\/v2\/tags?post=652"}],"curies":[{"name":"wp","href":"https:\/\/api.w.org\/{rel}","templated":true}]}}