{"id":738,"date":"2023-02-05T11:50:35","date_gmt":"2023-02-05T10:50:35","guid":{"rendered":"https:\/\/leviroismasque.com\/?p=738"},"modified":"2026-03-16T00:03:50","modified_gmt":"2026-03-15T23:03:50","slug":"pour-en-finir-avec-les-deserts-medicaux","status":"publish","type":"post","link":"https:\/\/leviroismasque.com\/index.php\/2023\/02\/05\/pour-en-finir-avec-les-deserts-medicaux\/","title":{"rendered":"Pour en finir avec les d\u00e9serts m\u00e9dicaux"},"content":{"rendered":"\n<figure class=\"wp-block-image size-full\"><img loading=\"lazy\" width=\"600\" height=\"337\" src=\"https:\/\/leviroismasque.com\/wp-content\/uploads\/2023\/02\/deserts-medicaux.jpg\" alt=\"\" class=\"wp-image-739\" srcset=\"https:\/\/leviroismasque.com\/wp-content\/uploads\/2023\/02\/deserts-medicaux.jpg 600w, https:\/\/leviroismasque.com\/wp-content\/uploads\/2023\/02\/deserts-medicaux-300x169.jpg 300w\" sizes=\"(max-width: 600px) 100vw, 600px\" \/><\/figure>\n\n\n\n<p>Merci de signer cette p\u00e9tition lanc\u00e9e par le d\u00e9put\u00e9 Guillaume GAROT soutenue par des d\u00e9put\u00e9s de toutes ob\u00e9diences politiques:<\/p>\n\n\n\n<p><a href=\"https:\/\/www.change.org\/p\/pour-en-finir-avec-les-d%C3%A9serts-m%C3%A9dicaux\">https:\/\/www.change.org\/p\/pour-en-finir-avec-les-d%C3%A9serts-m%C3%A9dicaux<\/a><\/p>\n","protected":false},"excerpt":{"rendered":"<p>Merci de signer cette p\u00e9tition lanc\u00e9e par le d\u00e9put\u00e9 Guillaume GAROT soutenue par des d\u00e9put\u00e9s de toutes ob\u00e9diences politiques: https:\/\/www.change.org\/p\/pour-en-finir-avec-les-d%C3%A9serts-m%C3%A9dicaux<\/p>\n","protected":false},"author":1,"featured_media":0,"comment_status":"open","ping_status":"open","sticky":false,"template":"","format":"standard","meta":[],"categories":[16,19],"tags":[],"yoast_head":"<!-- This site is optimized with the Yoast SEO plugin v19.0 - https:\/\/yoast.com\/wordpress\/plugins\/seo\/ -->\n<title>Pour en finir avec les d\u00e9serts m\u00e9dicaux - Le Virois Masqu\u00e9<\/title>\n<meta name=\"robots\" content=\"index, follow, max-snippet:-1, max-image-preview:large, max-video-preview:-1\" \/>\n<link rel=\"canonical\" href=\"https:\/\/leviroismasque.com\/index.php\/2023\/02\/05\/pour-en-finir-avec-les-deserts-medicaux\/\" \/>\n<meta property=\"og:locale\" content=\"fr_FR\" \/>\n<meta property=\"og:type\" content=\"article\" \/>\n<meta property=\"og:title\" content=\"Pour en finir avec les d\u00e9serts m\u00e9dicaux - Le Virois Masqu\u00e9\" \/>\n<meta property=\"og:description\" content=\"Merci de signer cette p\u00e9tition lanc\u00e9e par le d\u00e9put\u00e9 Guillaume GAROT soutenue par des d\u00e9put\u00e9s de toutes ob\u00e9diences politiques: https:\/\/www.change.org\/p\/pour-en-finir-avec-les-d%C3%A9serts-m%C3%A9dicaux\" \/>\n<meta property=\"og:url\" content=\"https:\/\/leviroismasque.com\/index.php\/2023\/02\/05\/pour-en-finir-avec-les-deserts-medicaux\/\" \/>\n<meta property=\"og:site_name\" content=\"Le Virois Masqu\u00e9\" \/>\n<meta property=\"article:publisher\" content=\"https:\/\/www.facebook.com\/Le-virois-masqu-102219125856936\" \/>\n<meta property=\"article:author\" content=\"https:\/\/www.facebook.com\/Le-virois-masqu-102219125856936\" \/>\n<meta property=\"article:published_time\" content=\"2023-02-05T10:50:35+00:00\" \/>\n<meta property=\"article:modified_time\" content=\"2026-03-15T23:03:50+00:00\" \/>\n<meta property=\"og:image\" content=\"https:\/\/leviroismasque.com\/wp-content\/uploads\/2023\/02\/deserts-medicaux.jpg\" \/>\n<meta name=\"twitter:card\" content=\"summary_large_image\" \/>\n<meta name=\"twitter:label1\" content=\"\u00c9crit par\" \/>\n\t<meta name=\"twitter:data1\" content=\"admin3115\" \/>\n\t<meta name=\"twitter:label2\" content=\"Dur\u00e9e de lecture estim\u00e9e\" \/>\n\t<meta name=\"twitter:data2\" content=\"1 minute\" \/>\n<script type=\"application\/ld+json\" class=\"yoast-schema-graph\">{\"@context\":\"https:\/\/schema.org\",\"@graph\":[{\"@type\":\"WebSite\",\"@id\":\"https:\/\/leviroismasque.com\/#website\",\"url\":\"https:\/\/leviroismasque.com\/\",\"name\":\"Le Virois Masqu\u00e9\",\"description\":\"\",\"publisher\":{\"@id\":\"https:\/\/leviroismasque.com\/#\/schema\/person\/c06d8f98253f756bda308e7613607a7e\"},\"potentialAction\":[{\"@type\":\"SearchAction\",\"target\":{\"@type\":\"EntryPoint\",\"urlTemplate\":\"https:\/\/leviroismasque.com\/?s={search_term_string}\"},\"query-input\":\"required name=search_term_string\"}],\"inLanguage\":\"fr-FR\"},{\"@type\":\"ImageObject\",\"inLanguage\":\"fr-FR\",\"@id\":\"https:\/\/leviroismasque.com\/index.php\/2023\/02\/05\/pour-en-finir-avec-les-deserts-medicaux\/#primaryimage\",\"url\":\"https:\/\/leviroismasque.com\/wp-content\/uploads\/2023\/02\/deserts-medicaux.jpg\",\"contentUrl\":\"https:\/\/leviroismasque.com\/wp-content\/uploads\/2023\/02\/deserts-medicaux.jpg\",\"width\":600,\"height\":337},{\"@type\":\"WebPage\",\"@id\":\"https:\/\/leviroismasque.com\/index.php\/2023\/02\/05\/pour-en-finir-avec-les-deserts-medicaux\/#webpage\",\"url\":\"https:\/\/leviroismasque.com\/index.php\/2023\/02\/05\/pour-en-finir-avec-les-deserts-medicaux\/\",\"name\":\"Pour en finir avec les d\u00e9serts m\u00e9dicaux - Le Virois Masqu\u00e9\",\"isPartOf\":{\"@id\":\"https:\/\/leviroismasque.com\/#website\"},\"primaryImageOfPage\":{\"@id\":\"https:\/\/leviroismasque.com\/index.php\/2023\/02\/05\/pour-en-finir-avec-les-deserts-medicaux\/#primaryimage\"},\"datePublished\":\"2023-02-05T10:50:35+00:00\",\"dateModified\":\"2026-03-15T23:03:50+00:00\",\"breadcrumb\":{\"@id\":\"https:\/\/leviroismasque.com\/index.php\/2023\/02\/05\/pour-en-finir-avec-les-deserts-medicaux\/#breadcrumb\"},\"inLanguage\":\"fr-FR\",\"potentialAction\":[{\"@type\":\"ReadAction\",\"target\":[\"https:\/\/leviroismasque.com\/index.php\/2023\/02\/05\/pour-en-finir-avec-les-deserts-medicaux\/\"]}]},{\"@type\":\"BreadcrumbList\",\"@id\":\"https:\/\/leviroismasque.com\/index.php\/2023\/02\/05\/pour-en-finir-avec-les-deserts-medicaux\/#breadcrumb\",\"itemListElement\":[{\"@type\":\"ListItem\",\"position\":1,\"name\":\"Accueil\",\"item\":\"https:\/\/leviroismasque.com\/\"},{\"@type\":\"ListItem\",\"position\":2,\"name\":\"Pour en finir avec les d\u00e9serts m\u00e9dicaux\"}]},{\"@type\":\"Article\",\"@id\":\"https:\/\/leviroismasque.com\/index.php\/2023\/02\/05\/pour-en-finir-avec-les-deserts-medicaux\/#article\",\"isPartOf\":{\"@id\":\"https:\/\/leviroismasque.com\/index.php\/2023\/02\/05\/pour-en-finir-avec-les-deserts-medicaux\/#webpage\"},\"author\":{\"@id\":\"https:\/\/leviroismasque.com\/#\/schema\/person\/c06d8f98253f756bda308e7613607a7e\"},\"headline\":\"Pour en finir avec les d\u00e9serts m\u00e9dicaux\",\"datePublished\":\"2023-02-05T10:50:35+00:00\",\"dateModified\":\"2026-03-15T23:03:50+00:00\",\"mainEntityOfPage\":{\"@id\":\"https:\/\/leviroismasque.com\/index.php\/2023\/02\/05\/pour-en-finir-avec-les-deserts-medicaux\/#webpage\"},\"wordCount\":46,\"commentCount\":0,\"publisher\":{\"@id\":\"https:\/\/leviroismasque.com\/#\/schema\/person\/c06d8f98253f756bda308e7613607a7e\"},\"image\":{\"@id\":\"https:\/\/leviroismasque.com\/index.php\/2023\/02\/05\/pour-en-finir-avec-les-deserts-medicaux\/#primaryimage\"},\"thumbnailUrl\":\"https:\/\/leviroismasque.com\/wp-content\/uploads\/2023\/02\/deserts-medicaux.jpg\",\"articleSection\":[\"Politique nationale\",\"Social\"],\"inLanguage\":\"fr-FR\",\"potentialAction\":[{\"@type\":\"CommentAction\",\"name\":\"Comment\",\"target\":[\"https:\/\/leviroismasque.com\/index.php\/2023\/02\/05\/pour-en-finir-avec-les-deserts-medicaux\/#respond\"]}]},{\"@type\":[\"Person\",\"Organization\"],\"@id\":\"https:\/\/leviroismasque.com\/#\/schema\/person\/c06d8f98253f756bda308e7613607a7e\",\"name\":\"admin3115\",\"image\":{\"@type\":\"ImageObject\",\"inLanguage\":\"fr-FR\",\"@id\":\"https:\/\/leviroismasque.com\/#\/schema\/person\/image\/\",\"url\":\"https:\/\/leviroismasque.ovh\/wp-content\/uploads\/2021\/10\/cropped-lvm.gif\",\"contentUrl\":\"https:\/\/leviroismasque.ovh\/wp-content\/uploads\/2021\/10\/cropped-lvm.gif\",\"width\":512,\"height\":512,\"caption\":\"admin3115\"},\"logo\":{\"@id\":\"https:\/\/leviroismasque.com\/#\/schema\/person\/image\/\"},\"sameAs\":[\"http:\/\/tsamiyu.cluster031.hosting.ovh.net\",\"https:\/\/www.facebook.com\/Le-virois-masqu-102219125856936\"],\"url\":\"https:\/\/leviroismasque.com\/index.php\/author\/admin3115\/\"}]}<\/script>\n<!-- \/ Yoast SEO plugin. -->","yoast_head_json":{"title":"Pour en finir avec les d\u00e9serts m\u00e9dicaux - Le Virois Masqu\u00e9","robots":{"index":"index","follow":"follow","max-snippet":"max-snippet:-1","max-image-preview":"max-image-preview:large","max-video-preview":"max-video-preview:-1"},"canonical":"https:\/\/leviroismasque.com\/index.php\/2023\/02\/05\/pour-en-finir-avec-les-deserts-medicaux\/","og_locale":"fr_FR","og_type":"article","og_title":"Pour en finir avec les d\u00e9serts m\u00e9dicaux - Le Virois Masqu\u00e9","og_description":"Merci de signer cette p\u00e9tition lanc\u00e9e par le d\u00e9put\u00e9 Guillaume GAROT soutenue par des d\u00e9put\u00e9s de toutes ob\u00e9diences politiques: https:\/\/www.change.org\/p\/pour-en-finir-avec-les-d%C3%A9serts-m%C3%A9dicaux","og_url":"https:\/\/leviroismasque.com\/index.php\/2023\/02\/05\/pour-en-finir-avec-les-deserts-medicaux\/","og_site_name":"Le Virois Masqu\u00e9","article_publisher":"https:\/\/www.facebook.com\/Le-virois-masqu-102219125856936","article_author":"https:\/\/www.facebook.com\/Le-virois-masqu-102219125856936","article_published_time":"2023-02-05T10:50:35+00:00","article_modified_time":"2026-03-15T23:03:50+00:00","og_image":[{"url":"https:\/\/leviroismasque.com\/wp-content\/uploads\/2023\/02\/deserts-medicaux.jpg"}],"twitter_card":"summary_large_image","twitter_misc":{"\u00c9crit par":"admin3115","Dur\u00e9e de lecture estim\u00e9e":"1 minute"},"schema":{"@context":"https:\/\/schema.org","@graph":[{"@type":"WebSite","@id":"https:\/\/leviroismasque.com\/#website","url":"https:\/\/leviroismasque.com\/","name":"Le Virois Masqu\u00e9","description":"","publisher":{"@id":"https:\/\/leviroismasque.com\/#\/schema\/person\/c06d8f98253f756bda308e7613607a7e"},"potentialAction":[{"@type":"SearchAction","target":{"@type":"EntryPoint","urlTemplate":"https:\/\/leviroismasque.com\/?s={search_term_string}"},"query-input":"required name=search_term_string"}],"inLanguage":"fr-FR"},{"@type":"ImageObject","inLanguage":"fr-FR","@id":"https:\/\/leviroismasque.com\/index.php\/2023\/02\/05\/pour-en-finir-avec-les-deserts-medicaux\/#primaryimage","url":"https:\/\/leviroismasque.com\/wp-content\/uploads\/2023\/02\/deserts-medicaux.jpg","contentUrl":"https:\/\/leviroismasque.com\/wp-content\/uploads\/2023\/02\/deserts-medicaux.jpg","width":600,"height":337},{"@type":"WebPage","@id":"https:\/\/leviroismasque.com\/index.php\/2023\/02\/05\/pour-en-finir-avec-les-deserts-medicaux\/#webpage","url":"https:\/\/leviroismasque.com\/index.php\/2023\/02\/05\/pour-en-finir-avec-les-deserts-medicaux\/","name":"Pour en finir avec les d\u00e9serts m\u00e9dicaux - Le Virois Masqu\u00e9","isPartOf":{"@id":"https:\/\/leviroismasque.com\/#website"},"primaryImageOfPage":{"@id":"https:\/\/leviroismasque.com\/index.php\/2023\/02\/05\/pour-en-finir-avec-les-deserts-medicaux\/#primaryimage"},"datePublished":"2023-02-05T10:50:35+00:00","dateModified":"2026-03-15T23:03:50+00:00","breadcrumb":{"@id":"https:\/\/leviroismasque.com\/index.php\/2023\/02\/05\/pour-en-finir-avec-les-deserts-medicaux\/#breadcrumb"},"inLanguage":"fr-FR","potentialAction":[{"@type":"ReadAction","target":["https:\/\/leviroismasque.com\/index.php\/2023\/02\/05\/pour-en-finir-avec-les-deserts-medicaux\/"]}]},{"@type":"BreadcrumbList","@id":"https:\/\/leviroismasque.com\/index.php\/2023\/02\/05\/pour-en-finir-avec-les-deserts-medicaux\/#breadcrumb","itemListElement":[{"@type":"ListItem","position":1,"name":"Accueil","item":"https:\/\/leviroismasque.com\/"},{"@type":"ListItem","position":2,"name":"Pour en finir avec les d\u00e9serts m\u00e9dicaux"}]},{"@type":"Article","@id":"https:\/\/leviroismasque.com\/index.php\/2023\/02\/05\/pour-en-finir-avec-les-deserts-medicaux\/#article","isPartOf":{"@id":"https:\/\/leviroismasque.com\/index.php\/2023\/02\/05\/pour-en-finir-avec-les-deserts-medicaux\/#webpage"},"author":{"@id":"https:\/\/leviroismasque.com\/#\/schema\/person\/c06d8f98253f756bda308e7613607a7e"},"headline":"Pour en finir avec les d\u00e9serts m\u00e9dicaux","datePublished":"2023-02-05T10:50:35+00:00","dateModified":"2026-03-15T23:03:50+00:00","mainEntityOfPage":{"@id":"https:\/\/leviroismasque.com\/index.php\/2023\/02\/05\/pour-en-finir-avec-les-deserts-medicaux\/#webpage"},"wordCount":46,"commentCount":0,"publisher":{"@id":"https:\/\/leviroismasque.com\/#\/schema\/person\/c06d8f98253f756bda308e7613607a7e"},"image":{"@id":"https:\/\/leviroismasque.com\/index.php\/2023\/02\/05\/pour-en-finir-avec-les-deserts-medicaux\/#primaryimage"},"thumbnailUrl":"https:\/\/leviroismasque.com\/wp-content\/uploads\/2023\/02\/deserts-medicaux.jpg","articleSection":["Politique nationale","Social"],"inLanguage":"fr-FR","potentialAction":[{"@type":"CommentAction","name":"Comment","target":["https:\/\/leviroismasque.com\/index.php\/2023\/02\/05\/pour-en-finir-avec-les-deserts-medicaux\/#respond"]}]},{"@type":["Person","Organization"],"@id":"https:\/\/leviroismasque.com\/#\/schema\/person\/c06d8f98253f756bda308e7613607a7e","name":"admin3115","image":{"@type":"ImageObject","inLanguage":"fr-FR","@id":"https:\/\/leviroismasque.com\/#\/schema\/person\/image\/","url":"https:\/\/leviroismasque.ovh\/wp-content\/uploads\/2021\/10\/cropped-lvm.gif","contentUrl":"https:\/\/leviroismasque.ovh\/wp-content\/uploads\/2021\/10\/cropped-lvm.gif","width":512,"height":512,"caption":"admin3115"},"logo":{"@id":"https:\/\/leviroismasque.com\/#\/schema\/person\/image\/"},"sameAs":["http:\/\/tsamiyu.cluster031.hosting.ovh.net","https:\/\/www.facebook.com\/Le-virois-masqu-102219125856936"],"url":"https:\/\/leviroismasque.com\/index.php\/author\/admin3115\/"}]}},"_links":{"self":[{"href":"https:\/\/leviroismasque.com\/index.php\/wp-json\/wp\/v2\/posts\/738"}],"collection":[{"href":"https:\/\/leviroismasque.com\/index.php\/wp-json\/wp\/v2\/posts"}],"about":[{"href":"https:\/\/leviroismasque.com\/index.php\/wp-json\/wp\/v2\/types\/post"}],"author":[{"embeddable":true,"href":"https:\/\/leviroismasque.com\/index.php\/wp-json\/wp\/v2\/users\/1"}],"replies":[{"embeddable":true,"href":"https:\/\/leviroismasque.com\/index.php\/wp-json\/wp\/v2\/comments?post=738"}],"version-history":[{"count":2,"href":"https:\/\/leviroismasque.com\/index.php\/wp-json\/wp\/v2\/posts\/738\/revisions"}],"predecessor-version":[{"id":2277,"href":"https:\/\/leviroismasque.com\/index.php\/wp-json\/wp\/v2\/posts\/738\/revisions\/2277"}],"wp:attachment":[{"href":"https:\/\/leviroismasque.com\/index.php\/wp-json\/wp\/v2\/media?parent=738"}],"wp:term":[{"taxonomy":"category","embeddable":true,"href":"https:\/\/leviroismasque.com\/index.php\/wp-json\/wp\/v2\/categories?post=738"},{"taxonomy":"post_tag","embeddable":true,"href":"https:\/\/leviroismasque.com\/index.php\/wp-json\/wp\/v2\/tags?post=738"}],"curies":[{"name":"wp","href":"https:\/\/api.w.org\/{rel}","templated":true}]}}